{"id":74772,"date":"2025-01-03T10:38:36","date_gmt":"2025-01-03T09:38:36","guid":{"rendered":"https:\/\/www.hamburg.empack-messen.de\/news\/produktkonfigurator-fuer-gv3-sl2\/"},"modified":"2025-02-20T11:02:10","modified_gmt":"2025-02-20T10:02:10","slug":"produktkonfigurator-fuer-gv3-sl2","status":"publish","type":"news","link":"https:\/\/www.hamburg.empack-messen.de\/de\/news\/produktkonfigurator-fuer-gv3-sl2\/","title":{"rendered":"Produktkonfigurator f\u00fcr GV3 &#038; SL2"},"content":{"rendered":"<p>Sparen Sie Zeit im Konstruktionsprozess mit unserem GV3- und SL2-Produktkonfigurator. Geben Sie einfach die wichtigsten Anwendungsparameter ein und der Konfigurator empfiehlt Ihnen eine ma\u00dfgeschneiderte L\u00f6sung, die den Anforderungen Ihrer Anwendung entspricht.<\/p>\n","protected":false},"excerpt":{"rendered":"<p>Wir empfehlen Ihnen eine ma\u00dfgeschneiderte L\u00f6sung unter Ber\u00fccksichtigung Ihrer Anwendungsparameter.<\/p>\n","protected":false},"featured_media":74906,"template":"","meta":{"_seopress_robots_primary_cat":"","_seopress_titles_title":"","_seopress_titles_desc":"","_seopress_robots_index":"","_api_id":"48983","_exhibitors":["65716"],"footnotes":""},"edition":[475],"country":[],"class_list":["post-74772","news","type-news","status-publish","has-post-thumbnail","hentry","edition-all-about-automation-hamburg-2025"],"_links":{"self":[{"href":"https:\/\/www.hamburg.empack-messen.de\/de\/wp-json\/wp\/v2\/news\/74772","targetHints":{"allow":["GET"]}}],"collection":[{"href":"https:\/\/www.hamburg.empack-messen.de\/de\/wp-json\/wp\/v2\/news"}],"about":[{"href":"https:\/\/www.hamburg.empack-messen.de\/de\/wp-json\/wp\/v2\/types\/news"}],"version-history":[{"count":1,"href":"https:\/\/www.hamburg.empack-messen.de\/de\/wp-json\/wp\/v2\/news\/74772\/revisions"}],"predecessor-version":[{"id":74852,"href":"https:\/\/www.hamburg.empack-messen.de\/de\/wp-json\/wp\/v2\/news\/74772\/revisions\/74852"}],"wp:featuredmedia":[{"embeddable":true,"href":"https:\/\/www.hamburg.empack-messen.de\/de\/wp-json\/wp\/v2\/media\/74906"}],"wp:attachment":[{"href":"https:\/\/www.hamburg.empack-messen.de\/de\/wp-json\/wp\/v2\/media?parent=74772"}],"wp:term":[{"taxonomy":"edition","embeddable":true,"href":"https:\/\/www.hamburg.empack-messen.de\/de\/wp-json\/wp\/v2\/edition?post=74772"},{"taxonomy":"country","embeddable":true,"href":"https:\/\/www.hamburg.empack-messen.de\/de\/wp-json\/wp\/v2\/country?post=74772"}],"curies":[{"name":"wp","href":"https:\/\/api.w.org\/{rel}","templated":true}]}}