{"id":87322,"date":"2025-03-06T09:57:01","date_gmt":"2025-03-06T08:57:01","guid":{"rendered":"https:\/\/www.hamburg.empack-messen.de\/news\/softwarebasiertes-lademanagement-haelt-energiekosten-im-griff\/"},"modified":"2025-05-30T13:51:17","modified_gmt":"2025-05-30T11:51:17","slug":"softwarebasiertes-lademanagement-haelt-energiekosten-im-griff","status":"publish","type":"news","link":"https:\/\/www.hamburg.empack-messen.de\/de\/news\/softwarebasiertes-lademanagement-haelt-energiekosten-im-griff\/","title":{"rendered":"Softwarebasiertes Lademanagement h\u00e4lt Energiekosten im Griff"},"content":{"rendered":"<p>Das Lademanagement-Modul connect:charger von Linde Material Handling optimiert Ladeprozesse von Elektro-Flurf\u00f6rderzeugen. Es reduziert Stromkosten durch intelligente Priorisierung, definierte Ladezeitfenster und Leistungslimits \u2013 bei gleichbleibend hoher Fahrzeugverf\u00fcgbarkeit. Die schnell installierte L\u00f6sung lohnt sich bereits f\u00fcr kleine Flotten und feiert auf der LogiMAT Premiere.<\/p>\n<p>\u201eStromlastspitzen treiben die Energiekosten in die H\u00f6he \u2013 vor allem bei Li-Ionen-Batterien, die regelm\u00e4\u00dfig zwischengeladen werden\u201c, erkl\u00e4rt Stefan Roth, Produktmanager Energiesysteme bei Linde MH. Laden viele Fahrzeuge gleichzeitig, steigt der Strombedarf sprunghaft an, was teure Lastspitzen verursacht. Linde connect:charger bietet eine L\u00f6sung: Das System steuert bis zu 50 Ladeger\u00e4te \u00fcber eine Einheit und regelt die Leistungsabfrage automatisch nach festgelegten Vorgaben.<\/p>\n<p>\u00dcber ein Dashboard erhalten Flottenbetreiber und Fahrer alle wichtigen Informationen \u2013 von der Verf\u00fcgbarkeit der Fahrzeuge bis zum Tagesverbrauch der Ladeger\u00e4te. Einstellungen k\u00f6nnen einfach angepasst werden, etwa durch die Definition fester Ladezeiten oder maximaler Leistungswerte. \u201eFlottenbetreiber k\u00f6nnen Ladepriorit\u00e4ten setzen, sodass z. B. Fahrzeuge mit weniger als 50 % Batterieladung bevorzugt werden\u201c, so Roth. Ein Algorithmus koordiniert alle Vorgaben und optimiert die Ladeverteilung.<\/p>\n<p>Die Daten\u00fcbertragung erfolgt zun\u00e4chst \u00fcber eine kabelgebundene L\u00f6sung f\u00fcr bis zu 50 Ladeger\u00e4te. Eine kabellose Variante ist in Planung, ebenso wie weitere Softwarefunktionen \u2013 von dynamischem Lastmanagement bis zur Integration in ein Energiemanagementsystem.<\/p>\n<p>Linde connect:charger kann in bestehende Flotten integriert werden, sofern die Ladeger\u00e4te \u00fcber eine Schnittstelle verf\u00fcgen (ab Baujahr 2018). \u201eMit dieser L\u00f6sung lassen sich Energiekosten senken und die Fahrzeugverf\u00fcgbarkeit optimieren \u2013 ein entscheidender Vorteil f\u00fcr alle Betreiber von Elektro-Flurf\u00f6rderzeugen\u201c, betont Roth.<\/p>\n","protected":false},"excerpt":{"rendered":"<p>Batterielademanagement connect:charger von Linde Material Handling vermeidet Energielastspitzen und sichert Flottenverf\u00fcgbarkeit<\/p>\n","protected":false},"featured_media":87326,"template":"","meta":{"_seopress_robots_primary_cat":"","_seopress_titles_title":"","_seopress_titles_desc":"","_seopress_robots_index":"","_api_id":"61192","_exhibitors":["64626"],"footnotes":""},"edition":[474],"country":[],"class_list":["post-87322","news","type-news","status-publish","has-post-thumbnail","hentry","edition-logistics-automation-hamburg-2025"],"_links":{"self":[{"href":"https:\/\/www.hamburg.empack-messen.de\/de\/wp-json\/wp\/v2\/news\/87322","targetHints":{"allow":["GET"]}}],"collection":[{"href":"https:\/\/www.hamburg.empack-messen.de\/de\/wp-json\/wp\/v2\/news"}],"about":[{"href":"https:\/\/www.hamburg.empack-messen.de\/de\/wp-json\/wp\/v2\/types\/news"}],"version-history":[{"count":2,"href":"https:\/\/www.hamburg.empack-messen.de\/de\/wp-json\/wp\/v2\/news\/87322\/revisions"}],"predecessor-version":[{"id":87328,"href":"https:\/\/www.hamburg.empack-messen.de\/de\/wp-json\/wp\/v2\/news\/87322\/revisions\/87328"}],"wp:featuredmedia":[{"embeddable":true,"href":"https:\/\/www.hamburg.empack-messen.de\/de\/wp-json\/wp\/v2\/media\/87326"}],"wp:attachment":[{"href":"https:\/\/www.hamburg.empack-messen.de\/de\/wp-json\/wp\/v2\/media?parent=87322"}],"wp:term":[{"taxonomy":"edition","embeddable":true,"href":"https:\/\/www.hamburg.empack-messen.de\/de\/wp-json\/wp\/v2\/edition?post=87322"},{"taxonomy":"country","embeddable":true,"href":"https:\/\/www.hamburg.empack-messen.de\/de\/wp-json\/wp\/v2\/country?post=87322"}],"curies":[{"name":"wp","href":"https:\/\/api.w.org\/{rel}","templated":true}]}}