{"id":89100,"date":"2025-03-19T15:49:53","date_gmt":"2025-03-19T14:49:53","guid":{"rendered":"https:\/\/www.hamburg.empack-messen.de\/news\/unser-neuer-verpackungskatalog-ist-da\/"},"modified":"2025-05-13T10:25:27","modified_gmt":"2025-05-13T08:25:27","slug":"unser-neuer-verpackungskatalog-ist-da","status":"publish","type":"news","link":"https:\/\/www.hamburg.empack-messen.de\/de\/news\/unser-neuer-verpackungskatalog-ist-da\/","title":{"rendered":"Unser neuer Verpackungskatalog ist da!"},"content":{"rendered":"<p>Wir pr\u00e4sentieren wir voller Stolz unseren brandneuen Verpackungskatalog. <\/p>\n<p>Mit diesem umfassenden Nachschlagewerk bieten wir auf 128 Seiten, strukturiert in 12 Kapiteln, eine perfekte \u00dcbersicht \u00fcber unser vielf\u00e4ltiges Sortiment \u2013 von klassischen Verpackungsmaterialien bis hin zu modernen Maschinenl\u00f6sungen.<\/p>\n<p>Zus\u00e4tzlich zu bekannten Markenprodukten finden Sie in unserem neuen Katalog eine erweiterte Auswahl an hochwertigen Verpackungsl\u00f6sungen unserer Eigenmarken Master\u2019In und KORUS, welche durch erstklassige Qualit\u00e4t und flexible Einsatzm\u00f6glichkeiten \u00fcberzeugen.<\/p>\n<p>Bl\u00e4ttern Sie durch unseren neuen Verpackungskatalog und lassen Sie sich inspirieren.<\/p>\n<p>Viel Spa\u00df beim Lesen!<\/p>\n","protected":false},"excerpt":{"rendered":"<p>Entdecken Sie im neuen Katalog von Antalis Verpackungen alles, was Sie zum Verpacken ben\u00f6tigen!<\/p>\n","protected":false},"featured_media":89107,"template":"","meta":{"_seopress_robots_primary_cat":"","_seopress_titles_title":"","_seopress_titles_desc":"","_seopress_robots_index":"","_api_id":"61468","_exhibitors":["64164"],"footnotes":""},"edition":[473],"country":[],"class_list":["post-89100","news","type-news","status-publish","has-post-thumbnail","hentry","edition-empack-hamburg-2025"],"_links":{"self":[{"href":"https:\/\/www.hamburg.empack-messen.de\/de\/wp-json\/wp\/v2\/news\/89100","targetHints":{"allow":["GET"]}}],"collection":[{"href":"https:\/\/www.hamburg.empack-messen.de\/de\/wp-json\/wp\/v2\/news"}],"about":[{"href":"https:\/\/www.hamburg.empack-messen.de\/de\/wp-json\/wp\/v2\/types\/news"}],"version-history":[{"count":3,"href":"https:\/\/www.hamburg.empack-messen.de\/de\/wp-json\/wp\/v2\/news\/89100\/revisions"}],"predecessor-version":[{"id":97819,"href":"https:\/\/www.hamburg.empack-messen.de\/de\/wp-json\/wp\/v2\/news\/89100\/revisions\/97819"}],"wp:featuredmedia":[{"embeddable":true,"href":"https:\/\/www.hamburg.empack-messen.de\/de\/wp-json\/wp\/v2\/media\/89107"}],"wp:attachment":[{"href":"https:\/\/www.hamburg.empack-messen.de\/de\/wp-json\/wp\/v2\/media?parent=89100"}],"wp:term":[{"taxonomy":"edition","embeddable":true,"href":"https:\/\/www.hamburg.empack-messen.de\/de\/wp-json\/wp\/v2\/edition?post=89100"},{"taxonomy":"country","embeddable":true,"href":"https:\/\/www.hamburg.empack-messen.de\/de\/wp-json\/wp\/v2\/country?post=89100"}],"curies":[{"name":"wp","href":"https:\/\/api.w.org\/{rel}","templated":true}]}}