{"id":93280,"date":"2025-04-07T13:04:11","date_gmt":"2025-04-07T11:04:11","guid":{"rendered":"https:\/\/www.hamburg.empack-messen.de\/news\/spelsberg-betreibt-benutzerfreundlichen-online-service-der-die-individuelle-konfiguration-von-abzweigkaesten-mit-logos-warnhinweisen-und-projektinformationen-ermoeglicht\/"},"modified":"2025-05-09T14:55:22","modified_gmt":"2025-05-09T12:55:22","slug":"spelsberg-bietet-einen-benutzerfreundlichen-online-service-an-der-eine-schnelle-druckkonfiguration-von-abzweigkasten-ermoglicht","status":"publish","type":"news","link":"https:\/\/www.hamburg.empack-messen.de\/de\/news\/spelsberg-bietet-einen-benutzerfreundlichen-online-service-an-der-eine-schnelle-druckkonfiguration-von-abzweigkasten-ermoglicht\/","title":{"rendered":"Spelsberg bietet einen benutzerfreundlichen Online-Service an, der eine schnelle Druckkonfiguration von Abzweigk\u00e4sten erm\u00f6glicht."},"content":{"rendered":"<p>Spelsberg EasyPrint \u2013 Konfiguration f\u00fcr Abzweigk\u00e4sten in wenigen einfachen Schritten umsetzbar<\/p>\n<p>Die gew\u00fcnschten Logos, Texte und Symbole werden im Online-Editor hochgeladen  und individuell angepasst. Anschlie\u00dfend erf\u00e4hrt der Nutzer durch eine Vorschau, wie das fertige Design auf dem Abzweigkasten aussehen wird. Ist das gew\u00fcnschte Ergebnis erreicht, wird die Bestellung mit wenigen Klicks abgeschlossen und direkt an den Gro\u00dfhandel gesendet.<br \/>\nDar\u00fcber hinaus bleiben die erstellten Designs f\u00fcr registrierte \u201emeinspelsberg\u201c-Mitglieder gespeichert, sodass erneute Bestellungen oder Konfigurationen jederzeit m\u00f6glich sind.<br \/>\nOb Projektanforderungen oder individuelle Bedruckungsw\u00fcnsche &#8211; dank hochwertigem Digitaldruck ist alles m\u00f6glich. Alle Elemente sind zudem frei im definierten Druckbereich positionierbar. <\/p>\n<p>Gib deinem Projekt einen individuellen Wiedererkennungswert, mit EasyPrint.<\/p>\n<p>Sichtbarkeit: Hebe deine Installationsleistung mit eurem Firmenlogo oder Projektinformationen hervor.<\/p>\n<p>Wetterfest: Langlebiger Digitaldruck, der auch bei Outdoor-Installationen h\u00e4lt.<\/p>\n<p>Effizienz: Spare Zeit bei der Wartung und Fehlersuche durch klare und dauerhafte Kennzeichnungen.<\/p>\n<p>Professioneller Auftritt: Beeindrucke deine Kunden mit einer professionellen und sauberen L\u00f6sung.<\/p>\n","protected":false},"excerpt":{"rendered":"<p>In wenigen Schritten zu einem individuell gestalteten Abzweigkasten, der genau zum Projekt passt. Der intuitive Live-Editor macht es leicht, Logos, Texte oder Symbole direkt auf dem Produkt zu platzieren und sofort eine Vorschau des Designs zu sehen.<\/p>\n","protected":false},"featured_media":93295,"template":"","meta":{"_seopress_robots_primary_cat":"","_seopress_titles_title":"","_seopress_titles_desc":"","_seopress_robots_index":"","_api_id":"61725","_exhibitors":["65558"],"footnotes":""},"edition":[475],"country":[],"class_list":["post-93280","news","type-news","status-publish","has-post-thumbnail","hentry","edition-all-about-automation-hamburg-2025"],"_links":{"self":[{"href":"https:\/\/www.hamburg.empack-messen.de\/de\/wp-json\/wp\/v2\/news\/93280","targetHints":{"allow":["GET"]}}],"collection":[{"href":"https:\/\/www.hamburg.empack-messen.de\/de\/wp-json\/wp\/v2\/news"}],"about":[{"href":"https:\/\/www.hamburg.empack-messen.de\/de\/wp-json\/wp\/v2\/types\/news"}],"version-history":[{"count":5,"href":"https:\/\/www.hamburg.empack-messen.de\/de\/wp-json\/wp\/v2\/news\/93280\/revisions"}],"predecessor-version":[{"id":93549,"href":"https:\/\/www.hamburg.empack-messen.de\/de\/wp-json\/wp\/v2\/news\/93280\/revisions\/93549"}],"wp:featuredmedia":[{"embeddable":true,"href":"https:\/\/www.hamburg.empack-messen.de\/de\/wp-json\/wp\/v2\/media\/93295"}],"wp:attachment":[{"href":"https:\/\/www.hamburg.empack-messen.de\/de\/wp-json\/wp\/v2\/media?parent=93280"}],"wp:term":[{"taxonomy":"edition","embeddable":true,"href":"https:\/\/www.hamburg.empack-messen.de\/de\/wp-json\/wp\/v2\/edition?post=93280"},{"taxonomy":"country","embeddable":true,"href":"https:\/\/www.hamburg.empack-messen.de\/de\/wp-json\/wp\/v2\/country?post=93280"}],"curies":[{"name":"wp","href":"https:\/\/api.w.org\/{rel}","templated":true}]}}