{"id":95638,"date":"2025-04-24T13:42:09","date_gmt":"2025-04-24T11:42:09","guid":{"rendered":"https:\/\/www.hamburg.empack-messen.de\/news\/effizienz-und-gesundheit-in-der-innerbetrieblichen-logistik\/"},"modified":"2025-04-24T14:17:31","modified_gmt":"2025-04-24T12:17:31","slug":"effizienz-und-gesundheit-in-der-innerbetrieblichen-logistik","status":"publish","type":"news","link":"https:\/\/www.hamburg.empack-messen.de\/de\/news\/effizienz-und-gesundheit-in-der-innerbetrieblichen-logistik\/","title":{"rendered":"Effizienz und Gesundheit in der innerbetrieblichen Logistik"},"content":{"rendered":"<p>\u201e\u00dcber den Tag verteilt, Eimer mit 25 Kilogramm zu heben, ist eine enorme Belastung f\u00fcr den R\u00fccken\u201c, erkl\u00e4rt Christian Viandt, Gesch\u00e4ftsf\u00fchrer bei GV Lacke. \u201eWir haben in einer ASA-Sitzung (Arbeitsschutzausschuss-Sitzung) beschlossen, nach einer L\u00f6sung zu suchen, die nicht nur effektiv, sondern auch leicht ist. Unser Lagerleiter kam mit dem BionicBack Exoskelett und nach einer Demonstration war die Begeisterung bei den Mitarbeitern sofort sp\u00fcrbar.\u201c<\/p>\n<p>Bei GV Lacke steht dabei vor allem die Gesundheit der Mitarbeiter im Vordergrund. &#8220;Unser Ziel ist es, die k\u00f6rperliche Belastung f\u00fcr unser Team so gering wie m\u00f6glich zu halten, um langfristig R\u00fcckenprobleme und Ausf\u00e4lle zu vermeiden&#8221;, betont Viandt. Das Exoskelett wird nicht nur in der Produktion, sondern auch in der Logistik eingesetzt, wo es bei der Hantierung von Lasten eine sp\u00fcrbare Entlastung bietet. Das geringe Gewicht von nur 1,2 Kilogramm und die Vielseitigkeit des Exoskeletts machen es zu einer ergonomischen Unterst\u00fctzung, die sich optimal den Anforderungen anpasst und den Arbeitsalltag ges\u00fcnder gestaltet. Dank seines schmalen Designs kann das BionicBack zudem problemlos beim Fahren eines Staplers getragen werden, was es besonders flexibel einsetzbar macht.\u2003<\/p>\n<p>H\u00f6here Mitarbeiterzufriedenheit und weniger Ausf\u00e4lle<\/p>\n<p>Seit der Einf\u00fchrung des BionicBack Exoskeletts bei GV Lacke ist die Stimmung im Team deutlich gestiegen. \u201eEs ist selten, dass neue Anschaffungen so schnell auf Akzeptanz sto\u00dfen. Unsere Mitarbeiter waren von Anfang an begeistert und haben sofort gefragt: \u2018K\u00f6nnen wir das nicht gleich haben?\u2019\u201c, berichtet Viandt.<\/p>\n<p>Ein Mitarbeiter aus der Logistik beschreibt den Effekt so: \u201eFr\u00fcher hat man die R\u00fcckenbelastung am Abend deutlich gemerkt. Heute gehe ich entspannter nach Hause. Das Exoskelett gibt mir die Sicherheit, dass mein R\u00fccken immer stabil bleibt, auch wenn es mal hektisch wird.\u201c<\/p>\n","protected":false},"excerpt":{"rendered":"<p>Die innerbetriebliche Logistik ist in vielen Unternehmen eine der k\u00f6rperlich anspruchsvollsten Bereiche. Die L\u00f6sung: Das BionicBack Exoskelett von hTRIUS.<\/p>\n","protected":false},"featured_media":95650,"template":"","meta":{"_seopress_robots_primary_cat":"","_seopress_titles_title":"","_seopress_titles_desc":"","_seopress_robots_index":"","_api_id":"61922","_exhibitors":["64606"],"footnotes":""},"edition":[474],"country":[],"class_list":["post-95638","news","type-news","status-publish","has-post-thumbnail","hentry","edition-logistics-automation-hamburg-2025"],"_links":{"self":[{"href":"https:\/\/www.hamburg.empack-messen.de\/de\/wp-json\/wp\/v2\/news\/95638","targetHints":{"allow":["GET"]}}],"collection":[{"href":"https:\/\/www.hamburg.empack-messen.de\/de\/wp-json\/wp\/v2\/news"}],"about":[{"href":"https:\/\/www.hamburg.empack-messen.de\/de\/wp-json\/wp\/v2\/types\/news"}],"version-history":[{"count":1,"href":"https:\/\/www.hamburg.empack-messen.de\/de\/wp-json\/wp\/v2\/news\/95638\/revisions"}],"predecessor-version":[{"id":95642,"href":"https:\/\/www.hamburg.empack-messen.de\/de\/wp-json\/wp\/v2\/news\/95638\/revisions\/95642"}],"wp:featuredmedia":[{"embeddable":true,"href":"https:\/\/www.hamburg.empack-messen.de\/de\/wp-json\/wp\/v2\/media\/95650"}],"wp:attachment":[{"href":"https:\/\/www.hamburg.empack-messen.de\/de\/wp-json\/wp\/v2\/media?parent=95638"}],"wp:term":[{"taxonomy":"edition","embeddable":true,"href":"https:\/\/www.hamburg.empack-messen.de\/de\/wp-json\/wp\/v2\/edition?post=95638"},{"taxonomy":"country","embeddable":true,"href":"https:\/\/www.hamburg.empack-messen.de\/de\/wp-json\/wp\/v2\/country?post=95638"}],"curies":[{"name":"wp","href":"https:\/\/api.w.org\/{rel}","templated":true}]}}