{"id":96292,"date":"2025-05-07T12:44:10","date_gmt":"2025-05-07T10:44:10","guid":{"rendered":"https:\/\/www.hamburg.empack-messen.de\/news\/nachhaltige-folien\/"},"modified":"2025-05-07T13:03:36","modified_gmt":"2025-05-07T11:03:36","slug":"nachhaltige-folien","status":"publish","type":"news","link":"https:\/\/www.hamburg.empack-messen.de\/de\/news\/nachhaltige-folien\/","title":{"rendered":"Nachhaltige Folien"},"content":{"rendered":"<p>Da ein effektiver Teil des Kunststoffmaterials unserer Stretchfolien bei dem Recycling von Kunststoffabf\u00e4llen entsteht, helfen wir so aktiv bei der Reduzierung Ihres \u00f6kologischen Fu\u00dfabdrucks.  Entdecken Sie unsere Vielfalt an Folien!<\/p>\n","protected":false},"excerpt":{"rendered":"<p>Unsere Maschinen- und Handstretchfolien mit Recyclinganteil<\/p>\n","protected":false},"featured_media":0,"template":"","meta":{"_seopress_robots_primary_cat":"","_seopress_titles_title":"","_seopress_titles_desc":"","_seopress_robots_index":"","_api_id":"62083","_exhibitors":["64436"],"footnotes":""},"edition":[473],"country":[],"class_list":["post-96292","news","type-news","status-publish","hentry","edition-empack-hamburg-2025"],"_links":{"self":[{"href":"https:\/\/www.hamburg.empack-messen.de\/de\/wp-json\/wp\/v2\/news\/96292","targetHints":{"allow":["GET"]}}],"collection":[{"href":"https:\/\/www.hamburg.empack-messen.de\/de\/wp-json\/wp\/v2\/news"}],"about":[{"href":"https:\/\/www.hamburg.empack-messen.de\/de\/wp-json\/wp\/v2\/types\/news"}],"version-history":[{"count":1,"href":"https:\/\/www.hamburg.empack-messen.de\/de\/wp-json\/wp\/v2\/news\/96292\/revisions"}],"predecessor-version":[{"id":96294,"href":"https:\/\/www.hamburg.empack-messen.de\/de\/wp-json\/wp\/v2\/news\/96292\/revisions\/96294"}],"wp:attachment":[{"href":"https:\/\/www.hamburg.empack-messen.de\/de\/wp-json\/wp\/v2\/media?parent=96292"}],"wp:term":[{"taxonomy":"edition","embeddable":true,"href":"https:\/\/www.hamburg.empack-messen.de\/de\/wp-json\/wp\/v2\/edition?post=96292"},{"taxonomy":"country","embeddable":true,"href":"https:\/\/www.hamburg.empack-messen.de\/de\/wp-json\/wp\/v2\/country?post=96292"}],"curies":[{"name":"wp","href":"https:\/\/api.w.org\/{rel}","templated":true}]}}