{"id":12840,"date":"2021-04-13T11:18:08","date_gmt":"2021-04-13T09:18:08","guid":{"rendered":"https:\/\/www.hamburg.empack-messen.de\/?p=12840"},"modified":"2021-04-19T15:38:46","modified_gmt":"2021-04-19T13:38:46","slug":"nachhaltige-verpackungen-darf-es-etwas-teurer-sein","status":"publish","type":"post","link":"https:\/\/www.hamburg.empack-messen.de\/de\/2021\/04\/13\/nachhaltige-verpackungen-darf-es-etwas-teurer-sein\/","title":{"rendered":"Nachhaltige Verpackungen: Darf es etwas teurer sein?"},"content":{"rendered":"\t\t<div data-elementor-type=\"wp-post\" data-elementor-id=\"12840\" class=\"elementor elementor-12840\" data-elementor-post-type=\"post\">\n\t\t\t\t\t\t<section class=\"elementor-section elementor-top-section elementor-element elementor-element-ab44f1d elementor-section-boxed elementor-section-height-default elementor-section-height-default\" data-id=\"ab44f1d\" data-element_type=\"section\">\n\t\t\t\t\t\t<div class=\"elementor-container elementor-column-gap-default\">\n\t\t\t\t\t<div class=\"elementor-column elementor-col-100 elementor-top-column elementor-element elementor-element-795e8cce\" data-id=\"795e8cce\" data-element_type=\"column\">\n\t\t\t<div class=\"elementor-widget-wrap elementor-element-populated\">\n\t\t\t\t\t\t<div class=\"elementor-element elementor-element-8be0b5e elementor-widget elementor-widget-spacer\" data-id=\"8be0b5e\" data-element_type=\"widget\" data-widget_type=\"spacer.default\">\n\t\t\t\t<div class=\"elementor-widget-container\">\n\t\t\t\t\t\t\t<div class=\"elementor-spacer\">\n\t\t\t<div class=\"elementor-spacer-inner\"><\/div>\n\t\t<\/div>\n\t\t\t\t\t\t<\/div>\n\t\t\t\t<\/div>\n\t\t\t\t<div class=\"elementor-element elementor-element-56ac911 elementor-widget elementor-widget-spacer\" data-id=\"56ac911\" data-element_type=\"widget\" data-widget_type=\"spacer.default\">\n\t\t\t\t<div class=\"elementor-widget-container\">\n\t\t\t\t\t\t\t<div class=\"elementor-spacer\">\n\t\t\t<div class=\"elementor-spacer-inner\"><\/div>\n\t\t<\/div>\n\t\t\t\t\t\t<\/div>\n\t\t\t\t<\/div>\n\t\t\t\t<div class=\"elementor-element elementor-element-2d6ec7f elementor-widget elementor-widget-image\" data-id=\"2d6ec7f\" data-element_type=\"widget\" data-widget_type=\"image.default\">\n\t\t\t\t<div class=\"elementor-widget-container\">\n\t\t\t\t\t\t\t\t\t\t\t\t\t\t\t<img fetchpriority=\"high\" decoding=\"async\" width=\"1920\" height=\"720\" src=\"https:\/\/easyfairsassets.com\/sites\/344\/2021\/04\/shutterstock_1506701819-e1618407386552.jpg\" class=\"attachment-full size-full wp-image-12921\" alt=\"\" srcset=\"https:\/\/easyfairsassets.com\/sites\/344\/2021\/04\/shutterstock_1506701819-e1618407386552.jpg 1920w, https:\/\/easyfairsassets.com\/sites\/344\/2021\/04\/shutterstock_1506701819-e1618407386552-300x113.jpg 300w, https:\/\/easyfairsassets.com\/sites\/344\/2021\/04\/shutterstock_1506701819-e1618407386552-1024x384.jpg 1024w, https:\/\/easyfairsassets.com\/sites\/344\/2021\/04\/shutterstock_1506701819-e1618407386552-768x288.jpg 768w, https:\/\/easyfairsassets.com\/sites\/344\/2021\/04\/shutterstock_1506701819-e1618407386552-1536x576.jpg 1536w\" sizes=\"(max-width: 1920px) 100vw, 1920px\" \/>\t\t\t\t\t\t\t\t\t\t\t\t\t\t\t<\/div>\n\t\t\t\t<\/div>\n\t\t\t\t<div class=\"elementor-element elementor-element-96ab99c elementor-widget elementor-widget-theme-post-title elementor-page-title elementor-widget-heading\" data-id=\"96ab99c\" data-element_type=\"widget\" data-widget_type=\"theme-post-title.default\">\n\t\t\t\t<div class=\"elementor-widget-container\">\n\t\t\t\t\t<h1 class=\"elementor-heading-title elementor-size-large\">Nachhaltige Verpackungen: Darf es etwas teurer sein?<\/h1>\t\t\t\t<\/div>\n\t\t\t\t<\/div>\n\t\t\t\t<div class=\"elementor-element elementor-element-61e0bcb elementor-widget elementor-widget-post-info\" data-id=\"61e0bcb\" data-element_type=\"widget\" data-widget_type=\"post-info.default\">\n\t\t\t\t<div class=\"elementor-widget-container\">\n\t\t\t\t\t\t\t<ul class=\"elementor-inline-items elementor-icon-list-items elementor-post-info\">\n\t\t\t\t\t\t\t\t<li class=\"elementor-icon-list-item elementor-repeater-item-7148c75 elementor-inline-item\" itemprop=\"datePublished\">\n\t\t\t\t\t\t<a href=\"https:\/\/www.hamburg.empack-messen.de\/de\/2021\/04\/13\/\">\n\t\t\t\t\t\t\t\t\t\t\t<span class=\"elementor-icon-list-icon\">\n\t\t\t\t\t\t\t\t<i aria-hidden=\"true\" class=\"fas fa-calendar\"><\/i>\t\t\t\t\t\t\t<\/span>\n\t\t\t\t\t\t\t\t\t<span class=\"elementor-icon-list-text elementor-post-info__item elementor-post-info__item--type-date\">\n\t\t\t\t\t\t\t\t\t\t<time>13. April 2021<\/time>\t\t\t\t\t<\/span>\n\t\t\t\t\t\t\t\t\t<\/a>\n\t\t\t\t<\/li>\n\t\t\t\t<li class=\"elementor-icon-list-item elementor-repeater-item-8fc826b elementor-inline-item\" itemprop=\"about\">\n\t\t\t\t\t\t\t\t\t\t<span class=\"elementor-icon-list-icon\">\n\t\t\t\t\t\t\t\t<i aria-hidden=\"true\" class=\"fas fa-tags\"><\/i>\t\t\t\t\t\t\t<\/span>\n\t\t\t\t\t\t\t\t\t<span class=\"elementor-icon-list-text elementor-post-info__item elementor-post-info__item--type-terms\">\n\t\t\t\t\t\t\t\t\t\t<span class=\"elementor-post-info__terms-list\">\n\t\t\t\t<a href=\"https:\/\/www.hamburg.empack-messen.de\/de\/category\/allgemein\/\" class=\"elementor-post-info__terms-list-item\">Allgemein<\/a>\t\t\t\t<\/span>\n\t\t\t\t\t<\/span>\n\t\t\t\t\t\t\t\t<\/li>\n\t\t\t\t<\/ul>\n\t\t\t\t\t\t<\/div>\n\t\t\t\t<\/div>\n\t\t\t\t<div class=\"elementor-element elementor-element-7ca979c elementor-widget elementor-widget-spacer\" data-id=\"7ca979c\" data-element_type=\"widget\" data-widget_type=\"spacer.default\">\n\t\t\t\t<div class=\"elementor-widget-container\">\n\t\t\t\t\t\t\t<div class=\"elementor-spacer\">\n\t\t\t<div class=\"elementor-spacer-inner\"><\/div>\n\t\t<\/div>\n\t\t\t\t\t\t<\/div>\n\t\t\t\t<\/div>\n\t\t\t\t\t<\/div>\n\t\t<\/div>\n\t\t\t\t\t<\/div>\n\t\t<\/section>\n\t\t\t\t<section class=\"elementor-section elementor-top-section elementor-element elementor-element-3e5ad1b elementor-section-boxed elementor-section-height-default elementor-section-height-default\" data-id=\"3e5ad1b\" data-element_type=\"section\">\n\t\t\t\t\t\t<div class=\"elementor-container elementor-column-gap-default\">\n\t\t\t\t\t<div class=\"elementor-column elementor-col-100 elementor-top-column elementor-element elementor-element-07486f2\" data-id=\"07486f2\" data-element_type=\"column\">\n\t\t\t<div class=\"elementor-widget-wrap elementor-element-populated\">\n\t\t\t\t\t\t<div class=\"elementor-element elementor-element-5d2fa82 elementor-widget elementor-widget-text-editor\" data-id=\"5d2fa82\" data-element_type=\"widget\" data-widget_type=\"text-editor.default\">\n\t\t\t\t<div class=\"elementor-widget-container\">\n\t\t\t\t\t\t\t\t\t<p>Der Verbraucher, so vermitteln es viele Studien, ist ein Sparfuchs. Er (oder sie) schaut in erster Linie auf den Preis und nichts anderes. Dass Hackfleisch f\u00fcr 3,50 Euro pro kg\u00a0 eher nicht nach den strengsten Richtlinien der Nachhaltigkeit und des Tierwohls entstanden sind, liegt auf der Hand \u2013 gekauft wird es. Und wenn die Milchbauern bei den Discountern h\u00f6here Preise fordern, weil der Liter Milch f\u00fcr 35 Cent pro Liter einfach nicht kostendeckend erzeugt werden kann, h\u00f6ren sie das Argument: Mehr will der Verbraucher nicht zahlen.<\/p>\t\t\t\t\t\t\t\t<\/div>\n\t\t\t\t<\/div>\n\t\t\t\t<div class=\"elementor-element elementor-element-56e7b82 elementor-widget elementor-widget-heading\" data-id=\"56e7b82\" data-element_type=\"widget\" data-widget_type=\"heading.default\">\n\t\t\t\t<div class=\"elementor-widget-container\">\n\t\t\t\t\t<h2 class=\"elementor-heading-title elementor-size-large\">Teurere Verpackungen? Gern wenn sie nachhaltig sind<\/h2>\t\t\t\t<\/div>\n\t\t\t\t<\/div>\n\t\t\t\t<div class=\"elementor-element elementor-element-2e68e68 elementor-widget elementor-widget-text-editor\" data-id=\"2e68e68\" data-element_type=\"widget\" data-widget_type=\"text-editor.default\">\n\t\t\t\t<div class=\"elementor-widget-container\">\n\t\t\t\t\t\t\t\t\t<p>Umso erstaunlicher ist ein Ergebnis von gleich zwei aktuellen Studien zur Marktakzeptanz von nachhaltigen Verpackungen. Diese Verpackungen werden nicht nur als solche erkannt und gesch\u00e4tzt. Der Verbraucher ist sogar bereit, daf\u00fcr mehr Geld auszugeben.<\/p>\t\t\t\t\t\t\t\t<\/div>\n\t\t\t\t<\/div>\n\t\t\t\t<div class=\"elementor-element elementor-element-874e276 elementor-widget elementor-widget-heading\" data-id=\"874e276\" data-element_type=\"widget\" data-widget_type=\"heading.default\">\n\t\t\t\t<div class=\"elementor-widget-container\">\n\t\t\t\t\t<h2 class=\"elementor-heading-title elementor-size-large\">Zwei Studien als Beleg<\/h2>\t\t\t\t<\/div>\n\t\t\t\t<\/div>\n\t\t\t\t<div class=\"elementor-element elementor-element-8c92d36 elementor-widget elementor-widget-text-editor\" data-id=\"8c92d36\" data-element_type=\"widget\" data-widget_type=\"text-editor.default\">\n\t\t\t\t<div class=\"elementor-widget-container\">\n\t\t\t\t\t\t\t\t\t<p>Die erste Studie mit dem Titel \u201eNachhaltige Produktverpackungen\u201c kommt von der Unternehmensberatung <strong><a href=\"https:\/\/www.simon-kucher.com\/de\/about\/media-center\/neue-studie-ueber-80-der-konsumenten-sind-bereit-fuer-nachhaltige-verpackungen-mehr-zu-zahlen\"><span style=\"text-decoration: underline\">Simon, Kucher &amp; Partner<\/span><\/a><\/strong>. Knapp drei Viertel der Befragten gaben an, dass die Nachhaltigkeit ein Kriterium bei der Bewertung der Verpackung ist. Mehr noch: Sie sind auch bereit, f\u00fcr solche Verpackungen einen Mehrpreis von durchschnittlich 6,5% zu bezahlen.<\/p><p>Die zweite Studie hat das Marktforschungsunternehmen Karmasin im Auftrag des <strong><a href=\"https:\/\/www.ots.at\/presseaussendung\/OTS_20201214_OTS0045\/anhaltender-trend-zum-umweltfreundlichen-online-einkauf-anhaenge\"><span style=\"text-decoration: underline\">Papier- und Verpackungsherstellers Mondi<\/span><\/a><\/strong> durchgef\u00fchrt. Hier ist das Ergebnis ganz \u00e4hnlich. Vier von f\u00fcnf Befragten legen Wert auf die umweltfreundliche Entsorgung von Verpackungen \u2013 und sie sind bereit, daf\u00fcr mehr Geld auszugeben.\u00a0<\/p>\t\t\t\t\t\t\t\t<\/div>\n\t\t\t\t<\/div>\n\t\t\t\t<div class=\"elementor-element elementor-element-5963a3f elementor-widget elementor-widget-heading\" data-id=\"5963a3f\" data-element_type=\"widget\" data-widget_type=\"heading.default\">\n\t\t\t\t<div class=\"elementor-widget-container\">\n\t\t\t\t\t<h2 class=\"elementor-heading-title elementor-size-large\">Da ist Luft f\u00fcr Verbesserung!<\/h2>\t\t\t\t<\/div>\n\t\t\t\t<\/div>\n\t\t\t\t<div class=\"elementor-element elementor-element-99970b2 elementor-widget elementor-widget-text-editor\" data-id=\"99970b2\" data-element_type=\"widget\" data-widget_type=\"text-editor.default\">\n\t\t\t\t<div class=\"elementor-widget-container\">\n\t\t\t\t\t\t\t\t\t<p>Aus Sicht der verpackenden Industrie zeigen die beiden Umfragen: Da ist \u201eLuft\u201c f\u00fcr Verbesserung. Der Trend zur nachhaltigen Verpackung ist eindeutig bei den Konsumenten angekommen. Au\u00dferdem \u2013 auch das ein Ergebnis der Studie von Simon, Kucher &amp; Partner \u2013 wird mehr Information \u00fcber die Verpackung erw\u00fcnscht, und generell ist das Interesse an diesem Thema gestiegen.<\/p>\t\t\t\t\t\t\t\t<\/div>\n\t\t\t\t<\/div>\n\t\t\t\t<div class=\"elementor-element elementor-element-2a80d37 elementor-widget elementor-widget-heading\" data-id=\"2a80d37\" data-element_type=\"widget\" data-widget_type=\"heading.default\">\n\t\t\t\t<div class=\"elementor-widget-container\">\n\t\t\t\t\t<h2 class=\"elementor-heading-title elementor-size-large\">So kann man sich unterscheiden<\/h2>\t\t\t\t<\/div>\n\t\t\t\t<\/div>\n\t\t\t\t<div class=\"elementor-element elementor-element-c832875 elementor-widget elementor-widget-text-editor\" data-id=\"c832875\" data-element_type=\"widget\" data-widget_type=\"text-editor.default\">\n\t\t\t\t<div class=\"elementor-widget-container\">\n\t\t\t\t\t\t\t\t\t<p>Das bedeutet: Wer seine Produkte nachhaltig verpackt, indem er recycelte oder recyclebare Materialien einsetzt, der punktet bei den Konsumenten. Er kann sich einen Vorteil verschaffen, der auf das Produkt und die Marke einzahlt. Und: Kostenaspekte sind \u2013 wenn die Umfragen repr\u00e4sentativ sind \u2013 gar nicht so relevant wie vielleicht gedacht.\u00a0 Im Gegenteil: Ein nachhaltig verpacktes Produkt ist wertiger, d.h. \u201emehr wert\u201c. Es darf, das zeigen die Umfragen, deshalb mehr kosten.<\/p><p>Das sollte eine Steilvorlage sein f\u00fcr alle, die \u00fcber Gestaltung einer Produkt- oder Versandverpackung (mit)entscheiden. Sie haben die Gelegenheit, Innovationen umzusetzen und einen Wunsch ihrer Kunden zu erf\u00fcllen, indem sie auf Nachhaltigkeit setzen.<\/p>\t\t\t\t\t\t\t\t<\/div>\n\t\t\t\t<\/div>\n\t\t\t\t<div class=\"elementor-element elementor-element-0eab92a elementor-widget elementor-widget-heading\" data-id=\"0eab92a\" data-element_type=\"widget\" data-widget_type=\"heading.default\">\n\t\t\t\t<div class=\"elementor-widget-container\">\n\t\t\t\t\t<h2 class=\"elementor-heading-title elementor-size-large\">Wo gibt es Anregungen?<\/h2>\t\t\t\t<\/div>\n\t\t\t\t<\/div>\n\t\t\t\t<div class=\"elementor-element elementor-element-751c6c6 elementor-widget elementor-widget-text-editor\" data-id=\"751c6c6\" data-element_type=\"widget\" data-widget_type=\"text-editor.default\">\n\t\t\t\t<div class=\"elementor-widget-container\">\n\t\t\t\t\t\t\t\t\t<p>Die n\u00e4chste logische Frage lautet: Wo erhalten die Entscheidern Anregungen f\u00fcr die Umsetzung dieses Plans? In normalen Zeiten w\u00fcrde man antworten: auf Verpackungsmessen wie der EMPACK. Dort pr\u00e4sentieren sich leistungsf\u00e4hige Hersteller von Maschinen und (recyclebaren) Verpackungsmaterialien sowie Verpackungsdienstleister, die auch ihre Ideen in die Zusammenarbeit mit den Kunden einbringen.<\/p><p>Leider sind die Zeiten nicht normal, deshalb musste die EMPACK \u2013 wie so viele andere Industriemessen auch \u2013 auf n\u00e4chstes Jahr verschoben werden. Aber es gibt eine Alternative zum Live-Austausch: Von 18. \u2013 19. Mai 2021, also sehr bald, finden Online Days powered by EMPACK statt, die das kommunikative Angebot der Messe auf die Schreibtische der Community \u2013 ob im B\u00fcro oder im Home Office \u2013 verlagern. Weitere Informationen finden Sie unter: <a href=\"https:\/\/www.empack-dortmund.de\/de\/onlinedays\/\">https:\/\/www.empack-dortmund.de\/de\/onlinedays\/<\/a><\/p>\t\t\t\t\t\t\t\t<\/div>\n\t\t\t\t<\/div>\n\t\t\t\t\t<\/div>\n\t\t<\/div>\n\t\t\t\t\t<\/div>\n\t\t<\/section>\n\t\t\t\t<section class=\"elementor-section elementor-top-section elementor-element elementor-element-28559a1f elementor-section-boxed elementor-section-height-default elementor-section-height-default\" data-id=\"28559a1f\" data-element_type=\"section\">\n\t\t\t\t\t\t<div class=\"elementor-container elementor-column-gap-default\">\n\t\t\t\t\t<div class=\"elementor-column elementor-col-100 elementor-top-column elementor-element elementor-element-68fb38be\" data-id=\"68fb38be\" data-element_type=\"column\">\n\t\t\t<div class=\"elementor-widget-wrap elementor-element-populated\">\n\t\t\t\t\t\t<div class=\"elementor-element elementor-element-1bde09d elementor-widget elementor-widget-spacer\" data-id=\"1bde09d\" data-element_type=\"widget\" data-widget_type=\"spacer.default\">\n\t\t\t\t<div class=\"elementor-widget-container\">\n\t\t\t\t\t\t\t<div class=\"elementor-spacer\">\n\t\t\t<div class=\"elementor-spacer-inner\"><\/div>\n\t\t<\/div>\n\t\t\t\t\t\t<\/div>\n\t\t\t\t<\/div>\n\t\t\t\t<div class=\"elementor-element elementor-element-e7756ac elementor-widget-divider--view-line elementor-widget elementor-widget-divider\" data-id=\"e7756ac\" data-element_type=\"widget\" data-widget_type=\"divider.default\">\n\t\t\t\t<div class=\"elementor-widget-container\">\n\t\t\t\t\t\t\t<div class=\"elementor-divider\">\n\t\t\t<span class=\"elementor-divider-separator\">\n\t\t\t\t\t\t<\/span>\n\t\t<\/div>\n\t\t\t\t\t\t<\/div>\n\t\t\t\t<\/div>\n\t\t\t\t<section class=\"elementor-section elementor-inner-section elementor-element elementor-element-27792a2 elementor-section-content-middle elementor-section-boxed elementor-section-height-default elementor-section-height-default\" data-id=\"27792a2\" data-element_type=\"section\">\n\t\t\t\t\t\t<div class=\"elementor-container elementor-column-gap-default\">\n\t\t\t\t\t<div class=\"elementor-column elementor-col-50 elementor-inner-column elementor-element elementor-element-1089f78\" data-id=\"1089f78\" data-element_type=\"column\">\n\t\t\t<div class=\"elementor-widget-wrap elementor-element-populated\">\n\t\t\t\t\t\t<div class=\"elementor-element elementor-element-0350380 elementor-widget__width-auto elementor-widget elementor-widget-heading\" data-id=\"0350380\" data-element_type=\"widget\" data-widget_type=\"heading.default\">\n\t\t\t\t<div class=\"elementor-widget-container\">\n\t\t\t\t\t<h3 class=\"elementor-heading-title elementor-size-medium\">Beitrag teilen:<\/h3>\t\t\t\t<\/div>\n\t\t\t\t<\/div>\n\t\t\t\t\t<\/div>\n\t\t<\/div>\n\t\t\t\t<div class=\"elementor-column elementor-col-50 elementor-inner-column elementor-element elementor-element-44e7e6e\" data-id=\"44e7e6e\" data-element_type=\"column\">\n\t\t\t<div class=\"elementor-widget-wrap elementor-element-populated\">\n\t\t\t\t\t\t<div class=\"elementor-element elementor-element-696cab elementor-share-buttons--skin-flat elementor-share-buttons--shape-rounded elementor-share-buttons--view-icon-text elementor-grid-0 elementor-share-buttons--color-official elementor-widget elementor-widget-share-buttons\" data-id=\"696cab\" data-element_type=\"widget\" data-widget_type=\"share-buttons.default\">\n\t\t\t\t<div class=\"elementor-widget-container\">\n\t\t\t\t\t\t\t<div class=\"elementor-grid\" role=\"list\">\n\t\t\t\t\t\t\t\t<div class=\"elementor-grid-item\" role=\"listitem\">\n\t\t\t\t\t\t<div class=\"elementor-share-btn elementor-share-btn_linkedin\" role=\"button\" tabindex=\"0\" aria-label=\"Share on linkedin\">\n\t\t\t\t\t\t\t\t\t\t\t\t\t\t\t<span class=\"elementor-share-btn__icon\">\n\t\t\t\t\t\t\t\t<i class=\"fab fa-linkedin\" aria-hidden=\"true\"><\/i>\t\t\t\t\t\t\t<\/span>\n\t\t\t\t\t\t\t\t\t\t\t\t\t\t\t\t\t\t\t\t\t\t<div class=\"elementor-share-btn__text\">\n\t\t\t\t\t\t\t\t\t\t\t\t\t\t\t\t\t\t\t<span class=\"elementor-share-btn__title\">\n\t\t\t\t\t\t\t\t\t\tLinkedIn\t\t\t\t\t\t\t\t\t<\/span>\n\t\t\t\t\t\t\t\t\t\t\t\t\t\t\t\t\t<\/div>\n\t\t\t\t\t\t\t\t\t\t\t\t\t<\/div>\n\t\t\t\t\t<\/div>\n\t\t\t\t\t\t\t\t\t<div class=\"elementor-grid-item\" role=\"listitem\">\n\t\t\t\t\t\t<div class=\"elementor-share-btn elementor-share-btn_facebook\" role=\"button\" tabindex=\"0\" aria-label=\"Share on facebook\">\n\t\t\t\t\t\t\t\t\t\t\t\t\t\t\t<span class=\"elementor-share-btn__icon\">\n\t\t\t\t\t\t\t\t<i class=\"fab fa-facebook\" aria-hidden=\"true\"><\/i>\t\t\t\t\t\t\t<\/span>\n\t\t\t\t\t\t\t\t\t\t\t\t\t\t\t\t\t\t\t\t\t\t<div class=\"elementor-share-btn__text\">\n\t\t\t\t\t\t\t\t\t\t\t\t\t\t\t\t\t\t\t<span class=\"elementor-share-btn__title\">\n\t\t\t\t\t\t\t\t\t\tFacebook\t\t\t\t\t\t\t\t\t<\/span>\n\t\t\t\t\t\t\t\t\t\t\t\t\t\t\t\t\t<\/div>\n\t\t\t\t\t\t\t\t\t\t\t\t\t<\/div>\n\t\t\t\t\t<\/div>\n\t\t\t\t\t\t\t\t\t<div class=\"elementor-grid-item\" role=\"listitem\">\n\t\t\t\t\t\t<div class=\"elementor-share-btn elementor-share-btn_twitter\" role=\"button\" tabindex=\"0\" aria-label=\"Share on twitter\">\n\t\t\t\t\t\t\t\t\t\t\t\t\t\t\t<span class=\"elementor-share-btn__icon\">\n\t\t\t\t\t\t\t\t<i class=\"fab fa-twitter\" aria-hidden=\"true\"><\/i>\t\t\t\t\t\t\t<\/span>\n\t\t\t\t\t\t\t\t\t\t\t\t\t\t\t\t\t\t\t\t\t\t<div class=\"elementor-share-btn__text\">\n\t\t\t\t\t\t\t\t\t\t\t\t\t\t\t\t\t\t\t<span class=\"elementor-share-btn__title\">\n\t\t\t\t\t\t\t\t\t\tTwitter\t\t\t\t\t\t\t\t\t<\/span>\n\t\t\t\t\t\t\t\t\t\t\t\t\t\t\t\t\t<\/div>\n\t\t\t\t\t\t\t\t\t\t\t\t\t<\/div>\n\t\t\t\t\t<\/div>\n\t\t\t\t\t\t\t\t\t<div class=\"elementor-grid-item\" role=\"listitem\">\n\t\t\t\t\t\t<div class=\"elementor-share-btn elementor-share-btn_xing\" role=\"button\" tabindex=\"0\" aria-label=\"Share on xing\">\n\t\t\t\t\t\t\t\t\t\t\t\t\t\t\t<span class=\"elementor-share-btn__icon\">\n\t\t\t\t\t\t\t\t<i class=\"fab fa-xing\" aria-hidden=\"true\"><\/i>\t\t\t\t\t\t\t<\/span>\n\t\t\t\t\t\t\t\t\t\t\t\t\t\t\t\t\t\t\t\t\t\t<div class=\"elementor-share-btn__text\">\n\t\t\t\t\t\t\t\t\t\t\t\t\t\t\t\t\t\t\t<span class=\"elementor-share-btn__title\">\n\t\t\t\t\t\t\t\t\t\tXING\t\t\t\t\t\t\t\t\t<\/span>\n\t\t\t\t\t\t\t\t\t\t\t\t\t\t\t\t\t<\/div>\n\t\t\t\t\t\t\t\t\t\t\t\t\t<\/div>\n\t\t\t\t\t<\/div>\n\t\t\t\t\t\t<\/div>\n\t\t\t\t\t\t<\/div>\n\t\t\t\t<\/div>\n\t\t\t\t\t<\/div>\n\t\t<\/div>\n\t\t\t\t\t<\/div>\n\t\t<\/section>\n\t\t\t\t\t<\/div>\n\t\t<\/div>\n\t\t\t\t\t<\/div>\n\t\t<\/section>\n\t\t\t\t<section class=\"elementor-section elementor-top-section elementor-element elementor-element-9a2ca42 elementor-hidden-desktop elementor-hidden-tablet elementor-hidden-phone elementor-section-boxed elementor-section-height-default elementor-section-height-default\" data-id=\"9a2ca42\" data-element_type=\"section\">\n\t\t\t\t\t\t<div class=\"elementor-container elementor-column-gap-default\">\n\t\t\t\t\t<div class=\"elementor-column elementor-col-100 elementor-top-column elementor-element elementor-element-8000efa\" data-id=\"8000efa\" data-element_type=\"column\">\n\t\t\t<div class=\"elementor-widget-wrap elementor-element-populated\">\n\t\t\t\t\t\t<div class=\"elementor-element elementor-element-4913c5f elementor-widget elementor-widget-spacer\" data-id=\"4913c5f\" data-element_type=\"widget\" data-widget_type=\"spacer.default\">\n\t\t\t\t<div class=\"elementor-widget-container\">\n\t\t\t\t\t\t\t<div class=\"elementor-spacer\">\n\t\t\t<div class=\"elementor-spacer-inner\"><\/div>\n\t\t<\/div>\n\t\t\t\t\t\t<\/div>\n\t\t\t\t<\/div>\n\t\t\t\t\t<\/div>\n\t\t<\/div>\n\t\t\t\t\t<\/div>\n\t\t<\/section>\n\t\t\t\t<section class=\"elementor-section elementor-top-section elementor-element elementor-element-578459f elementor-section-boxed elementor-section-height-default elementor-section-height-default\" data-id=\"578459f\" data-element_type=\"section\">\n\t\t\t\t\t\t<div class=\"elementor-container elementor-column-gap-default\">\n\t\t\t\t\t<div class=\"elementor-column elementor-col-100 elementor-top-column elementor-element elementor-element-3256690\" data-id=\"3256690\" data-element_type=\"column\">\n\t\t\t<div class=\"elementor-widget-wrap elementor-element-populated\">\n\t\t\t\t\t\t<div class=\"elementor-element elementor-element-fc88f13 elementor-widget elementor-widget-spacer\" data-id=\"fc88f13\" data-element_type=\"widget\" data-widget_type=\"spacer.default\">\n\t\t\t\t<div class=\"elementor-widget-container\">\n\t\t\t\t\t\t\t<div class=\"elementor-spacer\">\n\t\t\t<div class=\"elementor-spacer-inner\"><\/div>\n\t\t<\/div>\n\t\t\t\t\t\t<\/div>\n\t\t\t\t<\/div>\n\t\t\t\t\t<\/div>\n\t\t<\/div>\n\t\t\t\t\t<\/div>\n\t\t<\/section>\n\t\t\t\t<\/div>\n\t\t","protected":false},"excerpt":{"rendered":"<p>Der Verbraucher, so vermitteln es viele Studien, ist ein Sparfuchs. Er (oder sie) schaut in erster Linie auf den Preis und nichts anderes. Dass Hackfleisch f\u00fcr 3,50 Euro pro kg  eher nicht nach den strengsten Richtlinien der Nachhaltigkeit und des Tierwohls ent-standen sind, liegt auf der Hand \u2013 gekauft wird es. Und wenn die Milchbauern bei den Discountern h\u00f6here Preise fordern, weil der Liter Milch f\u00fcr 35 Cent pro Liter einfach nicht kostendeckend erzeugt werden kann, h\u00f6ren sie das Argument: Mehr will der Ver-braucher nicht zahlen.<\/p>\n","protected":false},"author":1,"featured_media":12921,"comment_status":"closed","ping_status":"open","sticky":false,"template":"","format":"standard","meta":{"_seopress_robots_primary_cat":"none","_seopress_titles_title":"Nachhaltige Verpackungen: Darf es etwas teurer sein?","_seopress_titles_desc":"Der Verbraucher, so vermitteln es viele Studien, ist ein Sparfuchs. Er (oder sie) schaut in erster Linie auf den Preis und nichts anderes. Dass Hackfleisch f\u00fcr 3,50 Euro pro kg\u00a0 eher nicht nach den strengsten Richtlinien der Nachhaltigkeit und des Tierwohls entstanden sind, liegt auf der Hand \u2013 gekauft wird es. Und wenn die Milchbauern bei den Discountern h\u00f6here Preise fordern, weil der Liter Milch f\u00fcr 35 Cent pro Liter einfach nicht kostendeckend erzeugt werden kann, h\u00f6ren sie das Argument: Mehr will der Verbraucher nicht zahlen.","_seopress_robots_index":"","footnotes":""},"categories":[299],"tags":[],"edition":[],"class_list":["post-12840","post","type-post","status-publish","format-standard","has-post-thumbnail","hentry","category-allgemein"],"_links":{"self":[{"href":"https:\/\/www.hamburg.empack-messen.de\/de\/wp-json\/wp\/v2\/posts\/12840","targetHints":{"allow":["GET"]}}],"collection":[{"href":"https:\/\/www.hamburg.empack-messen.de\/de\/wp-json\/wp\/v2\/posts"}],"about":[{"href":"https:\/\/www.hamburg.empack-messen.de\/de\/wp-json\/wp\/v2\/types\/post"}],"author":[{"embeddable":true,"href":"https:\/\/www.hamburg.empack-messen.de\/de\/wp-json\/wp\/v2\/users\/1"}],"replies":[{"embeddable":true,"href":"https:\/\/www.hamburg.empack-messen.de\/de\/wp-json\/wp\/v2\/comments?post=12840"}],"version-history":[{"count":0,"href":"https:\/\/www.hamburg.empack-messen.de\/de\/wp-json\/wp\/v2\/posts\/12840\/revisions"}],"wp:featuredmedia":[{"embeddable":true,"href":"https:\/\/www.hamburg.empack-messen.de\/de\/wp-json\/wp\/v2\/media\/12921"}],"wp:attachment":[{"href":"https:\/\/www.hamburg.empack-messen.de\/de\/wp-json\/wp\/v2\/media?parent=12840"}],"wp:term":[{"taxonomy":"category","embeddable":true,"href":"https:\/\/www.hamburg.empack-messen.de\/de\/wp-json\/wp\/v2\/categories?post=12840"},{"taxonomy":"post_tag","embeddable":true,"href":"https:\/\/www.hamburg.empack-messen.de\/de\/wp-json\/wp\/v2\/tags?post=12840"},{"taxonomy":"edition","embeddable":true,"href":"https:\/\/www.hamburg.empack-messen.de\/de\/wp-json\/wp\/v2\/edition?post=12840"}],"curies":[{"name":"wp","href":"https:\/\/api.w.org\/{rel}","templated":true}]}}