{"id":41816,"date":"2022-12-20T09:42:20","date_gmt":"2022-12-20T08:42:20","guid":{"rendered":"https:\/\/www.hamburg.empack-messen.de\/?p=41816"},"modified":"2023-01-18T09:17:52","modified_gmt":"2023-01-18T08:17:52","slug":"lieber-smart-oder-doch-intelligent-der-iq-der-verpackung","status":"publish","type":"post","link":"https:\/\/www.hamburg.empack-messen.de\/de\/2022\/12\/20\/lieber-smart-oder-doch-intelligent-der-iq-der-verpackung\/","title":{"rendered":"Lieber smart oder doch intelligent? Der IQ der Verpackung"},"content":{"rendered":"\t\t<div data-elementor-type=\"wp-post\" data-elementor-id=\"41816\" class=\"elementor elementor-41816\" data-elementor-post-type=\"post\">\n\t\t\t\t\t\t<section class=\"elementor-section elementor-top-section elementor-element elementor-element-47f5359b elementor-section-boxed elementor-section-height-default elementor-section-height-default\" data-id=\"47f5359b\" data-element_type=\"section\">\n\t\t\t\t\t\t<div class=\"elementor-container elementor-column-gap-default\">\n\t\t\t\t\t<div class=\"elementor-column elementor-col-100 elementor-top-column elementor-element elementor-element-68309c97\" data-id=\"68309c97\" data-element_type=\"column\">\n\t\t\t<div class=\"elementor-widget-wrap elementor-element-populated\">\n\t\t\t\t\t\t<div class=\"elementor-element elementor-element-7cadc2b4 elementor-widget elementor-widget-spacer\" data-id=\"7cadc2b4\" data-element_type=\"widget\" data-widget_type=\"spacer.default\">\n\t\t\t\t<div class=\"elementor-widget-container\">\n\t\t\t\t\t\t\t<div class=\"elementor-spacer\">\n\t\t\t<div class=\"elementor-spacer-inner\"><\/div>\n\t\t<\/div>\n\t\t\t\t\t\t<\/div>\n\t\t\t\t<\/div>\n\t\t\t\t<div class=\"elementor-element elementor-element-3f661bd elementor-widget elementor-widget-theme-post-featured-image elementor-widget-image\" data-id=\"3f661bd\" data-element_type=\"widget\" data-widget_type=\"theme-post-featured-image.default\">\n\t\t\t\t<div class=\"elementor-widget-container\">\n\t\t\t\t\t\t\t\t\t\t\t\t\t\t\t<img fetchpriority=\"high\" decoding=\"async\" width=\"1920\" height=\"1080\" src=\"https:\/\/easyfairsassets.com\/sites\/344\/2022\/12\/EM_23_Blogbeitrag_IG-Verpackung.png\" class=\"attachment-full size-full wp-image-41823\" alt=\"\" srcset=\"https:\/\/easyfairsassets.com\/sites\/344\/2022\/12\/EM_23_Blogbeitrag_IG-Verpackung.png 1920w, https:\/\/easyfairsassets.com\/sites\/344\/2022\/12\/EM_23_Blogbeitrag_IG-Verpackung-300x169.png 300w, https:\/\/easyfairsassets.com\/sites\/344\/2022\/12\/EM_23_Blogbeitrag_IG-Verpackung-1024x576.png 1024w, https:\/\/easyfairsassets.com\/sites\/344\/2022\/12\/EM_23_Blogbeitrag_IG-Verpackung-768x432.png 768w, https:\/\/easyfairsassets.com\/sites\/344\/2022\/12\/EM_23_Blogbeitrag_IG-Verpackung-1536x864.png 1536w\" sizes=\"(max-width: 1920px) 100vw, 1920px\" \/>\t\t\t\t\t\t\t\t\t\t\t\t\t\t\t<\/div>\n\t\t\t\t<\/div>\n\t\t\t\t<div class=\"elementor-element elementor-element-65a17049 elementor-widget elementor-widget-theme-post-title elementor-page-title elementor-widget-heading\" data-id=\"65a17049\" data-element_type=\"widget\" data-widget_type=\"theme-post-title.default\">\n\t\t\t\t<div class=\"elementor-widget-container\">\n\t\t\t\t\t<h1 class=\"elementor-heading-title elementor-size-large\">Lieber smart oder doch intelligent? Der IQ der Verpackung<\/h1>\t\t\t\t<\/div>\n\t\t\t\t<\/div>\n\t\t\t\t<div class=\"elementor-element elementor-element-3108685 elementor-widget elementor-widget-post-info\" data-id=\"3108685\" data-element_type=\"widget\" data-widget_type=\"post-info.default\">\n\t\t\t\t<div class=\"elementor-widget-container\">\n\t\t\t\t\t\t\t<ul class=\"elementor-inline-items elementor-icon-list-items elementor-post-info\">\n\t\t\t\t\t\t\t\t<li class=\"elementor-icon-list-item elementor-repeater-item-7148c75 elementor-inline-item\" itemprop=\"datePublished\">\n\t\t\t\t\t\t<a href=\"https:\/\/www.hamburg.empack-messen.de\/de\/2022\/12\/20\/\">\n\t\t\t\t\t\t\t\t\t\t\t<span class=\"elementor-icon-list-icon\">\n\t\t\t\t\t\t\t\t<i aria-hidden=\"true\" class=\"fas fa-calendar\"><\/i>\t\t\t\t\t\t\t<\/span>\n\t\t\t\t\t\t\t\t\t<span class=\"elementor-icon-list-text elementor-post-info__item elementor-post-info__item--type-date\">\n\t\t\t\t\t\t\t\t\t\t<time>20. Dezember 2022<\/time>\t\t\t\t\t<\/span>\n\t\t\t\t\t\t\t\t\t<\/a>\n\t\t\t\t<\/li>\n\t\t\t\t<li class=\"elementor-icon-list-item elementor-repeater-item-8fc826b elementor-inline-item\" itemprop=\"about\">\n\t\t\t\t\t\t\t\t\t\t<span class=\"elementor-icon-list-icon\">\n\t\t\t\t\t\t\t\t<i aria-hidden=\"true\" class=\"fas fa-tags\"><\/i>\t\t\t\t\t\t\t<\/span>\n\t\t\t\t\t\t\t\t\t<span class=\"elementor-icon-list-text elementor-post-info__item elementor-post-info__item--type-terms\">\n\t\t\t\t\t\t\t\t\t\t<span class=\"elementor-post-info__terms-list\">\n\t\t\t\t<a href=\"https:\/\/www.hamburg.empack-messen.de\/de\/category\/allgemein\/\" class=\"elementor-post-info__terms-list-item\">Allgemein<\/a>\t\t\t\t<\/span>\n\t\t\t\t\t<\/span>\n\t\t\t\t\t\t\t\t<\/li>\n\t\t\t\t<\/ul>\n\t\t\t\t\t\t<\/div>\n\t\t\t\t<\/div>\n\t\t\t\t<div class=\"elementor-element elementor-element-176ebe38 elementor-widget elementor-widget-spacer\" data-id=\"176ebe38\" data-element_type=\"widget\" data-widget_type=\"spacer.default\">\n\t\t\t\t<div class=\"elementor-widget-container\">\n\t\t\t\t\t\t\t<div class=\"elementor-spacer\">\n\t\t\t<div class=\"elementor-spacer-inner\"><\/div>\n\t\t<\/div>\n\t\t\t\t\t\t<\/div>\n\t\t\t\t<\/div>\n\t\t\t\t\t<\/div>\n\t\t<\/div>\n\t\t\t\t\t<\/div>\n\t\t<\/section>\n\t\t\t\t<section class=\"elementor-section elementor-top-section elementor-element elementor-element-a78bf7e elementor-section-boxed elementor-section-height-default elementor-section-height-default\" data-id=\"a78bf7e\" data-element_type=\"section\">\n\t\t\t\t\t\t<div class=\"elementor-container elementor-column-gap-default\">\n\t\t\t\t\t<div class=\"elementor-column elementor-col-100 elementor-top-column elementor-element elementor-element-58e5f674\" data-id=\"58e5f674\" data-element_type=\"column\">\n\t\t\t<div class=\"elementor-widget-wrap elementor-element-populated\">\n\t\t\t\t\t\t<div class=\"elementor-element elementor-element-68d03f1 elementor-widget elementor-widget-text-editor\" data-id=\"68d03f1\" data-element_type=\"widget\" data-widget_type=\"text-editor.default\">\n\t\t\t\t<div class=\"elementor-widget-container\">\n\t\t\t\t\t\t\t\t\t<p>Noch ist die sch\u00f6ne neue Welt der intelligenten Verpackung nicht im Hier und Jetzt angekommen. Dabei k\u00f6nnte es wirklich so sch\u00f6n sein: Wenn sich der Inhalt dem Ende zuneigt, l\u00f6st die Verpackung eine Online-Bestellung aus, und der Nachschub an Chips oder M\u00fcsli oder Waschpulver ist gesichert.<\/p>\t\t\t\t\t\t\t\t<\/div>\n\t\t\t\t<\/div>\n\t\t\t\t\t<\/div>\n\t\t<\/div>\n\t\t\t\t\t<\/div>\n\t\t<\/section>\n\t\t\t\t<section class=\"elementor-section elementor-top-section elementor-element elementor-element-3d0d4618 elementor-section-boxed elementor-section-height-default elementor-section-height-default\" data-id=\"3d0d4618\" data-element_type=\"section\">\n\t\t\t\t\t\t<div class=\"elementor-container elementor-column-gap-default\">\n\t\t\t\t\t<div class=\"elementor-column elementor-col-100 elementor-top-column elementor-element elementor-element-19fa71ce\" data-id=\"19fa71ce\" data-element_type=\"column\">\n\t\t\t<div class=\"elementor-widget-wrap elementor-element-populated\">\n\t\t\t\t\t\t<div class=\"elementor-element elementor-element-3eceefe2 elementor-widget elementor-widget-spacer\" data-id=\"3eceefe2\" data-element_type=\"widget\" data-widget_type=\"spacer.default\">\n\t\t\t\t<div class=\"elementor-widget-container\">\n\t\t\t\t\t\t\t<div class=\"elementor-spacer\">\n\t\t\t<div class=\"elementor-spacer-inner\"><\/div>\n\t\t<\/div>\n\t\t\t\t\t\t<\/div>\n\t\t\t\t<\/div>\n\t\t\t\t<div class=\"elementor-element elementor-element-74fd5132 elementor-widget elementor-widget-text-editor\" data-id=\"74fd5132\" data-element_type=\"widget\" data-widget_type=\"text-editor.default\">\n\t\t\t\t<div class=\"elementor-widget-container\">\n\t\t\t\t\t\t\t\t\t<p>Eine intelligente Verpackung k\u00f6nnte auch auf das sich n\u00e4hernde Mindesthaltbarkeitsdatum hinweisen, ebenso auf verdorbene Ware. Sie kann gezielt \u201eFrischmacher\u201c oder Absorber abgeben, um die Haltbarkeit des Inhaltes zu verl\u00e4ngern oder aber sie registriert eine Unterbrechung der K\u00fchlkette.<\/p><p>\u00a0<\/p><p>Ebenfalls m\u00f6glich ist die sprechende Verpackung, die Hinweise zum Transport, zur Lagerung und zum Gebrauch des verpackten Produktes geben kann. Und wie praktisch w\u00e4re es f\u00fcr das Marketing zu wissen, wo die Verpackung ge\u00f6ffnet wurde und wie der Inhalt verbraucht wird?<\/p>\t\t\t\t\t\t\t\t<\/div>\n\t\t\t\t<\/div>\n\t\t\t\t\t<\/div>\n\t\t<\/div>\n\t\t\t\t\t<\/div>\n\t\t<\/section>\n\t\t\t\t<section class=\"elementor-section elementor-top-section elementor-element elementor-element-3eae54d5 elementor-section-boxed elementor-section-height-default elementor-section-height-default\" data-id=\"3eae54d5\" data-element_type=\"section\">\n\t\t\t\t\t\t<div class=\"elementor-container elementor-column-gap-default\">\n\t\t\t\t\t<div class=\"elementor-column elementor-col-100 elementor-top-column elementor-element elementor-element-5cea9372\" data-id=\"5cea9372\" data-element_type=\"column\">\n\t\t\t<div class=\"elementor-widget-wrap elementor-element-populated\">\n\t\t\t\t\t\t<div class=\"elementor-element elementor-element-32d8201a elementor-widget elementor-widget-text-editor\" data-id=\"32d8201a\" data-element_type=\"widget\" data-widget_type=\"text-editor.default\">\n\t\t\t\t<div class=\"elementor-widget-container\">\n\t\t\t\t\t\t\t\t\t<p>Das alles ist technisch machbar. Manches wurde auch schon verwirklicht, die meisten Ideen aber eben noch nicht. Der zentrale Grund daf\u00fcr ist offensichtlich: die Kosten. Die Verpackung ist eben nicht das Hauptprodukt, sondern \u201enur\u201c die Verpackung.<\/p><p>\u00a0<\/p><p>Forschungsinstitute arbeiten aber daran, kosteng\u00fcnstigere Sensorik zu entwickeln, die zum Beispiel einfach auf die Verpackung aufgedruckt werden kann. Bis diese Entwicklungen gro\u00dfserientauglich sind, muss die Industrie auf die intelligente Verpackung warten. Das ist o.k., denn in der Zwischenzeit gibt es genug zu tun. <\/p>\t\t\t\t\t\t\t\t<\/div>\n\t\t\t\t<\/div>\n\t\t\t\t\t<\/div>\n\t\t<\/div>\n\t\t\t\t\t<\/div>\n\t\t<\/section>\n\t\t\t\t<section class=\"elementor-section elementor-top-section elementor-element elementor-element-138687bb elementor-section-boxed elementor-section-height-default elementor-section-height-default\" data-id=\"138687bb\" data-element_type=\"section\">\n\t\t\t\t\t\t<div class=\"elementor-container elementor-column-gap-default\">\n\t\t\t\t\t<div class=\"elementor-column elementor-col-100 elementor-top-column elementor-element elementor-element-649812d6\" data-id=\"649812d6\" data-element_type=\"column\">\n\t\t\t<div class=\"elementor-widget-wrap elementor-element-populated\">\n\t\t\t\t\t\t<div class=\"elementor-element elementor-element-ecb1f98 elementor-widget elementor-widget-text-editor\" data-id=\"ecb1f98\" data-element_type=\"widget\" data-widget_type=\"text-editor.default\">\n\t\t\t\t<div class=\"elementor-widget-container\">\n\t\t\t\t\t\t\t\t\t<p>Die smarte Verpackung hat vielleicht einen etwas geringeren Intelligenzquotienten als ihr intelligenter Zwilling, aber sie bietet gro\u00dfes Optimierungspotenzial. Die \u201eSmartheit\u201c kann sich zum Beispiel in geringerem Gewicht \u00e4u\u00dfern, in besserer Umweltvertr\u00e4glichkeit oder neuen (recyclingf\u00e4higen!) Werkstoffen, in Zusatzfunktionen oder (bei Konsumg\u00fctern) in einem \u00dcberraschungseffekt f\u00fcr den K\u00e4ufer des Produktes.<\/p><p>\u00a0<\/p><p>Auch ohne \u201eeingebaute Intelligenz\u201c sind der Fantasie hier kaum Grenzen gesetzt. Praxisgerechte Anregungen und Beispiele wird es auf der EMPACK in Hamburg geben: am 22. und 23. Juni 2023. Sie bietet auch das Forum f\u00fcr Diskussionen \u00fcber aktuelle Entwicklungstrends in der Verpackungstechnik.<\/p>\t\t\t\t\t\t\t\t<\/div>\n\t\t\t\t<\/div>\n\t\t\t\t\t<\/div>\n\t\t<\/div>\n\t\t\t\t\t<\/div>\n\t\t<\/section>\n\t\t\t\t<section class=\"elementor-section elementor-top-section elementor-element elementor-element-227c4aff elementor-section-boxed elementor-section-height-default elementor-section-height-default\" data-id=\"227c4aff\" data-element_type=\"section\">\n\t\t\t\t\t\t<div class=\"elementor-container elementor-column-gap-default\">\n\t\t\t\t\t<div class=\"elementor-column elementor-col-100 elementor-top-column elementor-element elementor-element-1ec56569\" data-id=\"1ec56569\" data-element_type=\"column\">\n\t\t\t<div class=\"elementor-widget-wrap\">\n\t\t\t\t\t\t\t<\/div>\n\t\t<\/div>\n\t\t\t\t\t<\/div>\n\t\t<\/section>\n\t\t\t\t<\/div>\n\t\t","protected":false},"excerpt":{"rendered":"<p>Noch ist die sch\u00f6ne neue Welt der intelligenten Verpackung nicht im Hier und Jetzt angekommen. Dabei k\u00f6nnte es wirklich so sch\u00f6n sein: Wenn sich der Inhalt dem Ende zuneigt, l\u00f6st die Verpackung eine Online-Bestellung aus, und der Nachschub an Chips oder M\u00fcsli oder Waschpulver ist gesichert. <\/span><\/p>\n","protected":false},"author":341,"featured_media":41823,"comment_status":"open","ping_status":"open","sticky":false,"template":"","format":"standard","meta":{"_seopress_robots_primary_cat":"none","_seopress_titles_title":"Lieber smart oder doch intelligent? Der IQ der Verpackung","_seopress_titles_desc":"Noch ist die sch\u00f6ne neue Welt der intelligenten Verpackung nicht im Hier und Jetzt angekommen. Dabei k\u00f6nnte es wirklich so sch\u00f6n sein: Wenn sich der Inhalt dem Ende zuneigt, l\u00f6st die Verpackung eine Online-Bestellung aus, und der Nachschub an Chips oder M\u00fcsli oder Waschpulver ist gesichert. ","_seopress_robots_index":"","footnotes":""},"categories":[299],"tags":[],"edition":[],"class_list":["post-41816","post","type-post","status-publish","format-standard","has-post-thumbnail","hentry","category-allgemein"],"_links":{"self":[{"href":"https:\/\/www.hamburg.empack-messen.de\/de\/wp-json\/wp\/v2\/posts\/41816","targetHints":{"allow":["GET"]}}],"collection":[{"href":"https:\/\/www.hamburg.empack-messen.de\/de\/wp-json\/wp\/v2\/posts"}],"about":[{"href":"https:\/\/www.hamburg.empack-messen.de\/de\/wp-json\/wp\/v2\/types\/post"}],"author":[{"embeddable":true,"href":"https:\/\/www.hamburg.empack-messen.de\/de\/wp-json\/wp\/v2\/users\/341"}],"replies":[{"embeddable":true,"href":"https:\/\/www.hamburg.empack-messen.de\/de\/wp-json\/wp\/v2\/comments?post=41816"}],"version-history":[{"count":0,"href":"https:\/\/www.hamburg.empack-messen.de\/de\/wp-json\/wp\/v2\/posts\/41816\/revisions"}],"wp:featuredmedia":[{"embeddable":true,"href":"https:\/\/www.hamburg.empack-messen.de\/de\/wp-json\/wp\/v2\/media\/41823"}],"wp:attachment":[{"href":"https:\/\/www.hamburg.empack-messen.de\/de\/wp-json\/wp\/v2\/media?parent=41816"}],"wp:term":[{"taxonomy":"category","embeddable":true,"href":"https:\/\/www.hamburg.empack-messen.de\/de\/wp-json\/wp\/v2\/categories?post=41816"},{"taxonomy":"post_tag","embeddable":true,"href":"https:\/\/www.hamburg.empack-messen.de\/de\/wp-json\/wp\/v2\/tags?post=41816"},{"taxonomy":"edition","embeddable":true,"href":"https:\/\/www.hamburg.empack-messen.de\/de\/wp-json\/wp\/v2\/edition?post=41816"}],"curies":[{"name":"wp","href":"https:\/\/api.w.org\/{rel}","templated":true}]}}