{"id":45142,"date":"2023-05-08T14:09:03","date_gmt":"2023-05-08T12:09:03","guid":{"rendered":"https:\/\/www.hamburg.empack-messen.de\/?p=45142"},"modified":"2023-05-08T14:10:47","modified_gmt":"2023-05-08T12:10:47","slug":"der-stellenmarkt-bei-print-de-und-deutscher-drucker-jetzt-ihren-freien-job-besetzen","status":"publish","type":"post","link":"https:\/\/www.hamburg.empack-messen.de\/de\/2023\/05\/08\/der-stellenmarkt-bei-print-de-und-deutscher-drucker-jetzt-ihren-freien-job-besetzen\/","title":{"rendered":"Der Stellenmarkt bei print.de und Deutscher Drucker \u2013 Jetzt Ihren freien Job besetzen!"},"content":{"rendered":"\t\t<div data-elementor-type=\"wp-post\" data-elementor-id=\"45142\" class=\"elementor elementor-45142\" data-elementor-post-type=\"post\">\n\t\t\t\t\t\t<section class=\"elementor-section elementor-top-section elementor-element elementor-element-47f5359b elementor-section-boxed elementor-section-height-default elementor-section-height-default\" data-id=\"47f5359b\" data-element_type=\"section\">\n\t\t\t\t\t\t<div class=\"elementor-container elementor-column-gap-default\">\n\t\t\t\t\t<div class=\"elementor-column elementor-col-100 elementor-top-column elementor-element elementor-element-68309c97\" data-id=\"68309c97\" data-element_type=\"column\">\n\t\t\t<div class=\"elementor-widget-wrap elementor-element-populated\">\n\t\t\t\t\t\t<div class=\"elementor-element elementor-element-7cadc2b4 elementor-widget elementor-widget-spacer\" data-id=\"7cadc2b4\" data-element_type=\"widget\" data-widget_type=\"spacer.default\">\n\t\t\t\t<div class=\"elementor-widget-container\">\n\t\t\t\t\t\t\t<div class=\"elementor-spacer\">\n\t\t\t<div class=\"elementor-spacer-inner\"><\/div>\n\t\t<\/div>\n\t\t\t\t\t\t<\/div>\n\t\t\t\t<\/div>\n\t\t\t\t<div class=\"elementor-element elementor-element-65a17049 elementor-widget elementor-widget-theme-post-title elementor-page-title elementor-widget-heading\" data-id=\"65a17049\" data-element_type=\"widget\" data-widget_type=\"theme-post-title.default\">\n\t\t\t\t<div class=\"elementor-widget-container\">\n\t\t\t\t\t<h1 class=\"elementor-heading-title elementor-size-large\">Der Stellenmarkt bei print.de und Deutscher Drucker \u2013 Jetzt Ihren freien Job besetzen!<\/h1>\t\t\t\t<\/div>\n\t\t\t\t<\/div>\n\t\t\t\t<div class=\"elementor-element elementor-element-3108685 elementor-widget elementor-widget-post-info\" data-id=\"3108685\" data-element_type=\"widget\" data-widget_type=\"post-info.default\">\n\t\t\t\t<div class=\"elementor-widget-container\">\n\t\t\t\t\t\t\t<ul class=\"elementor-inline-items elementor-icon-list-items elementor-post-info\">\n\t\t\t\t\t\t\t\t<li class=\"elementor-icon-list-item elementor-repeater-item-7148c75 elementor-inline-item\" itemprop=\"datePublished\">\n\t\t\t\t\t\t<a href=\"https:\/\/www.hamburg.empack-messen.de\/de\/2023\/05\/08\/\">\n\t\t\t\t\t\t\t\t\t\t\t<span class=\"elementor-icon-list-icon\">\n\t\t\t\t\t\t\t\t<i aria-hidden=\"true\" class=\"fas fa-calendar\"><\/i>\t\t\t\t\t\t\t<\/span>\n\t\t\t\t\t\t\t\t\t<span class=\"elementor-icon-list-text elementor-post-info__item elementor-post-info__item--type-date\">\n\t\t\t\t\t\t\t\t\t\t<time>8. Mai 2023<\/time>\t\t\t\t\t<\/span>\n\t\t\t\t\t\t\t\t\t<\/a>\n\t\t\t\t<\/li>\n\t\t\t\t<li class=\"elementor-icon-list-item elementor-repeater-item-8fc826b elementor-inline-item\" itemprop=\"about\">\n\t\t\t\t\t\t\t\t\t\t<span class=\"elementor-icon-list-icon\">\n\t\t\t\t\t\t\t\t<i aria-hidden=\"true\" class=\"fas fa-tags\"><\/i>\t\t\t\t\t\t\t<\/span>\n\t\t\t\t\t\t\t\t\t<span class=\"elementor-icon-list-text elementor-post-info__item elementor-post-info__item--type-terms\">\n\t\t\t\t\t\t\t\t\t\t<span class=\"elementor-post-info__terms-list\">\n\t\t\t\t<a href=\"https:\/\/www.hamburg.empack-messen.de\/de\/category\/allgemein\/\" class=\"elementor-post-info__terms-list-item\">Allgemein<\/a>\t\t\t\t<\/span>\n\t\t\t\t\t<\/span>\n\t\t\t\t\t\t\t\t<\/li>\n\t\t\t\t<\/ul>\n\t\t\t\t\t\t<\/div>\n\t\t\t\t<\/div>\n\t\t\t\t<div class=\"elementor-element elementor-element-3f661bd elementor-widget elementor-widget-theme-post-featured-image elementor-widget-image\" data-id=\"3f661bd\" data-element_type=\"widget\" data-widget_type=\"theme-post-featured-image.default\">\n\t\t\t\t<div class=\"elementor-widget-container\">\n\t\t\t\t\t\t\t\t\t\t\t\t\t\t\t<img fetchpriority=\"high\" decoding=\"async\" width=\"1600\" height=\"600\" src=\"https:\/\/easyfairsassets.com\/sites\/344\/2023\/05\/Blogbeitrag_print-de_Deutscher-Drucker.png\" class=\"attachment-full size-full wp-image-45151\" alt=\"\" srcset=\"https:\/\/easyfairsassets.com\/sites\/344\/2023\/05\/Blogbeitrag_print-de_Deutscher-Drucker.png 1600w, https:\/\/easyfairsassets.com\/sites\/344\/2023\/05\/Blogbeitrag_print-de_Deutscher-Drucker-300x113.png 300w, https:\/\/easyfairsassets.com\/sites\/344\/2023\/05\/Blogbeitrag_print-de_Deutscher-Drucker-1024x384.png 1024w, https:\/\/easyfairsassets.com\/sites\/344\/2023\/05\/Blogbeitrag_print-de_Deutscher-Drucker-768x288.png 768w, https:\/\/easyfairsassets.com\/sites\/344\/2023\/05\/Blogbeitrag_print-de_Deutscher-Drucker-1536x576.png 1536w\" sizes=\"(max-width: 1600px) 100vw, 1600px\" \/>\t\t\t\t\t\t\t\t\t\t\t\t\t\t\t<\/div>\n\t\t\t\t<\/div>\n\t\t\t\t<div class=\"elementor-element elementor-element-176ebe38 elementor-widget elementor-widget-spacer\" data-id=\"176ebe38\" data-element_type=\"widget\" data-widget_type=\"spacer.default\">\n\t\t\t\t<div class=\"elementor-widget-container\">\n\t\t\t\t\t\t\t<div class=\"elementor-spacer\">\n\t\t\t<div class=\"elementor-spacer-inner\"><\/div>\n\t\t<\/div>\n\t\t\t\t\t\t<\/div>\n\t\t\t\t<\/div>\n\t\t\t\t\t<\/div>\n\t\t<\/div>\n\t\t\t\t\t<\/div>\n\t\t<\/section>\n\t\t\t\t<section class=\"elementor-section elementor-top-section elementor-element elementor-element-a78bf7e elementor-section-boxed elementor-section-height-default elementor-section-height-default\" data-id=\"a78bf7e\" data-element_type=\"section\">\n\t\t\t\t\t\t<div class=\"elementor-container elementor-column-gap-default\">\n\t\t\t\t\t<div class=\"elementor-column elementor-col-100 elementor-top-column elementor-element elementor-element-58e5f674\" data-id=\"58e5f674\" data-element_type=\"column\">\n\t\t\t<div class=\"elementor-widget-wrap elementor-element-populated\">\n\t\t\t\t\t\t<div class=\"elementor-element elementor-element-68d03f1 elementor-widget elementor-widget-text-editor\" data-id=\"68d03f1\" data-element_type=\"widget\" data-widget_type=\"text-editor.default\">\n\t\t\t\t<div class=\"elementor-widget-container\">\n\t\t\t\t\t\t\t\t\t<p><strong>ANZEIGE<\/strong><\/p>\t\t\t\t\t\t\t\t<\/div>\n\t\t\t\t<\/div>\n\t\t\t\t\t<\/div>\n\t\t<\/div>\n\t\t\t\t\t<\/div>\n\t\t<\/section>\n\t\t\t\t<section class=\"elementor-section elementor-top-section elementor-element elementor-element-a02a842 elementor-section-boxed elementor-section-height-default elementor-section-height-default\" data-id=\"a02a842\" data-element_type=\"section\">\n\t\t\t\t\t\t<div class=\"elementor-container elementor-column-gap-default\">\n\t\t\t\t\t<div class=\"elementor-column elementor-col-100 elementor-top-column elementor-element elementor-element-cb33469\" data-id=\"cb33469\" data-element_type=\"column\">\n\t\t\t<div class=\"elementor-widget-wrap elementor-element-populated\">\n\t\t\t\t\t\t<div class=\"elementor-element elementor-element-8ba33dc elementor-widget elementor-widget-text-editor\" data-id=\"8ba33dc\" data-element_type=\"widget\" data-widget_type=\"text-editor.default\">\n\t\t\t\t<div class=\"elementor-widget-container\">\n\t\t\t\t\t\t\t\t\t<p>Das Fachportal print.de und die Fachzeitschrift Deutscher Drucker sind die renommiertesten und reichweitenst\u00e4rksten Fachpublikationen f\u00fcr die deutschsprachige Druckindustrie. Mit einer Stellenanzeige auf jobs.print.de erreichen Sie hier zuverl\u00e4ssig die Fach- und F\u00fchrungskr\u00e4fte in allen Segmenten der Printbranche.<\/p>\t\t\t\t\t\t\t\t<\/div>\n\t\t\t\t<\/div>\n\t\t\t\t\t<\/div>\n\t\t<\/div>\n\t\t\t\t\t<\/div>\n\t\t<\/section>\n\t\t\t\t<section class=\"elementor-section elementor-top-section elementor-element elementor-element-3d0d4618 elementor-section-boxed elementor-section-height-default elementor-section-height-default\" data-id=\"3d0d4618\" data-element_type=\"section\">\n\t\t\t\t\t\t<div class=\"elementor-container elementor-column-gap-default\">\n\t\t\t\t\t<div class=\"elementor-column elementor-col-100 elementor-top-column elementor-element elementor-element-19fa71ce\" data-id=\"19fa71ce\" data-element_type=\"column\">\n\t\t\t<div class=\"elementor-widget-wrap elementor-element-populated\">\n\t\t\t\t\t\t<div class=\"elementor-element elementor-element-74fd5132 elementor-widget elementor-widget-text-editor\" data-id=\"74fd5132\" data-element_type=\"widget\" data-widget_type=\"text-editor.default\">\n\t\t\t\t<div class=\"elementor-widget-container\">\n\t\t\t\t\t\t\t\t\t<p>Professionals im Publikationsdruck, in der Werbetechnik und im digitalen Gro\u00dfformatdruck sowie im Verpackungs- und Etikettendruck vertrauen regelm\u00e4\u00dfig auf das Informationsangebot in Print, Online und bei Events. Profitieren Sie von der hohen Aufmerksamkeit der marktf\u00fchrenden Fachpublikationen und platzieren Sie Ihre Jobanzeigen im branchenweit gr\u00f6\u00dften Stellenmarkt von print.de und Deutscher Drucker!<\/p><p>F\u00fcr Job-Suchende in der Druckbranche f\u00fchrt am Stellenmarkt von print.de\/Deutscher Drucker einfach kein Weg vorbei!<\/p>\t\t\t\t\t\t\t\t<\/div>\n\t\t\t\t<\/div>\n\t\t\t\t\t<\/div>\n\t\t<\/div>\n\t\t\t\t\t<\/div>\n\t\t<\/section>\n\t\t\t\t<section class=\"elementor-section elementor-top-section elementor-element elementor-element-3eae54d5 elementor-section-boxed elementor-section-height-default elementor-section-height-default\" data-id=\"3eae54d5\" data-element_type=\"section\">\n\t\t\t\t\t\t<div class=\"elementor-container elementor-column-gap-default\">\n\t\t\t\t\t<div class=\"elementor-column elementor-col-100 elementor-top-column elementor-element elementor-element-5cea9372\" data-id=\"5cea9372\" data-element_type=\"column\">\n\t\t\t<div class=\"elementor-widget-wrap elementor-element-populated\">\n\t\t\t\t\t\t<div class=\"elementor-element elementor-element-32d8201a elementor-widget elementor-widget-text-editor\" data-id=\"32d8201a\" data-element_type=\"widget\" data-widget_type=\"text-editor.default\">\n\t\t\t\t<div class=\"elementor-widget-container\">\n\t\t\t\t\t\t\t\t\t<p>Erg\u00e4nzt wird das Verlagsprogramm durch die Fachpublikationen Grafische Palette, Flexo+Tief-Druck und Etiketten-Labels, den j\u00e4hrlichen Branchenwettbewerb Druck&amp;Medien Awards sowie durch die nachgefragten digitalen Eventformate Print Innovation Week, Postpress Summit und Packaging Days. <br \/><br \/>Zus\u00e4tzlich profitieren Sie als Arbeitgeber von vielen Features und Vorteilen:<br \/>\u2022 Sie erreichen eine reine Fachzielgruppe ohne Streuverluste bei maximaler Reichweite \u00fcber alle Kan\u00e4le \u2013 Online, Mobile und Print! <br \/>\u2022 Erstklassige Leistungswerte der Newsletter, Websites und Printausgaben <br \/>\u2022 Einfache, komfortable und schnelle Schaltung der Stellenanzeigen mit automatischer Pr\u00fcfung und Qualit\u00e4tssicherung <br \/>\u2022 Hohe Preis-\/Leistungseffektivit\u00e4t<\/p>\t\t\t\t\t\t\t\t<\/div>\n\t\t\t\t<\/div>\n\t\t\t\t\t<\/div>\n\t\t<\/div>\n\t\t\t\t\t<\/div>\n\t\t<\/section>\n\t\t\t\t<section class=\"elementor-section elementor-top-section elementor-element elementor-element-138687bb elementor-section-boxed elementor-section-height-default elementor-section-height-default\" data-id=\"138687bb\" data-element_type=\"section\">\n\t\t\t\t\t\t<div class=\"elementor-container elementor-column-gap-default\">\n\t\t\t\t\t<div class=\"elementor-column elementor-col-100 elementor-top-column elementor-element elementor-element-649812d6\" data-id=\"649812d6\" data-element_type=\"column\">\n\t\t\t<div class=\"elementor-widget-wrap elementor-element-populated\">\n\t\t\t\t\t\t<div class=\"elementor-element elementor-element-ecb1f98 elementor-widget elementor-widget-text-editor\" data-id=\"ecb1f98\" data-element_type=\"widget\" data-widget_type=\"text-editor.default\">\n\t\t\t\t<div class=\"elementor-widget-container\">\n\t\t\t\t\t\t\t\t\t<p><strong>LEISTUNGSDATEN<\/strong><\/p><ul><li>die Stellenmarktanzeige erscheint f\u00fcr 60 Tage im mobil-optimierten Online-Stellenmarkt<\/li><li>pers\u00f6nlicher Ansprechpartner<\/li><li>50 % Rabatt f\u00fcr Start-ups<\/li><\/ul>\t\t\t\t\t\t\t\t<\/div>\n\t\t\t\t<\/div>\n\t\t\t\t\t<\/div>\n\t\t<\/div>\n\t\t\t\t\t<\/div>\n\t\t<\/section>\n\t\t\t\t<section class=\"elementor-section elementor-top-section elementor-element elementor-element-54dea12 elementor-section-boxed elementor-section-height-default elementor-section-height-default\" data-id=\"54dea12\" data-element_type=\"section\">\n\t\t\t\t\t\t<div class=\"elementor-container elementor-column-gap-default\">\n\t\t\t\t\t<div class=\"elementor-column elementor-col-100 elementor-top-column elementor-element elementor-element-bb31895\" data-id=\"bb31895\" data-element_type=\"column\">\n\t\t\t<div class=\"elementor-widget-wrap elementor-element-populated\">\n\t\t\t\t\t\t<div class=\"elementor-element elementor-element-9534b8f elementor-widget elementor-widget-text-editor\" data-id=\"9534b8f\" data-element_type=\"widget\" data-widget_type=\"text-editor.default\">\n\t\t\t\t<div class=\"elementor-widget-container\">\n\t\t\t\t\t\t\t\t\t<p><strong>NUTZERGRUPPEN<\/strong><\/p><p>Vertriebsleiter, Verkaufsleiter, CEO\/ Gesch\u00e4ftsf\u00fchrer, Abteilungsleiter Druck, Sales Manager, Produktions\u00adleiter, IT-Administrator, Drucker\/ Medientechnologe, Mediengestalter, Buchbinder, Verpackungsdrucker, Techniker\/Meister.<\/p><p>Mit einer Printanzeige im Stellenmarkt des Fachmagazins Deutscher Drucker treffen Sie zus\u00e4tzlich Fachkr\u00e4fte, die sich f\u00fcr Jobangebote in der Druckindustrie interessieren. Sie sprechen alle Leser an, denn Stellenanzeigen machen neugierig \u2013 eine gute Chance, auf Personen zu treffen, die latent suchen und die sich von Ihrem Angebot besonders angesprochen f\u00fchlen! <br \/><br \/>Unterstreichen Sie die Wertigkeit Ihrer Suche nach geeigneten Mitarbeitern f\u00fcr eine Position in Ihrem Unternehmen mit einer Printanzeige im Stellenmarkt!<\/p>\t\t\t\t\t\t\t\t<\/div>\n\t\t\t\t<\/div>\n\t\t\t\t\t<\/div>\n\t\t<\/div>\n\t\t\t\t\t<\/div>\n\t\t<\/section>\n\t\t\t\t<section class=\"elementor-section elementor-top-section elementor-element elementor-element-227c4aff elementor-section-boxed elementor-section-height-default elementor-section-height-default\" data-id=\"227c4aff\" data-element_type=\"section\">\n\t\t\t\t\t\t<div class=\"elementor-container elementor-column-gap-default\">\n\t\t\t\t\t<div class=\"elementor-column elementor-col-100 elementor-top-column elementor-element elementor-element-1ec56569\" data-id=\"1ec56569\" data-element_type=\"column\">\n\t\t\t<div class=\"elementor-widget-wrap elementor-element-populated\">\n\t\t\t\t\t\t<div class=\"elementor-element elementor-element-564f376 elementor-widget elementor-widget-image\" data-id=\"564f376\" data-element_type=\"widget\" data-widget_type=\"image.default\">\n\t\t\t\t<div class=\"elementor-widget-container\">\n\t\t\t\t\t\t\t\t\t\t\t\t\t\t\t\t<a href=\"https:\/\/jobs.print.de\/\">\n\t\t\t\t\t\t\t<img decoding=\"async\" width=\"300\" height=\"139\" src=\"https:\/\/easyfairsassets.com\/sites\/344\/2023\/05\/Logo_Print_de_gelb-300x139.jpg\" class=\"attachment-medium size-medium wp-image-45146\" alt=\"\" srcset=\"https:\/\/easyfairsassets.com\/sites\/344\/2023\/05\/Logo_Print_de_gelb-300x139.jpg 300w, https:\/\/easyfairsassets.com\/sites\/344\/2023\/05\/Logo_Print_de_gelb-1024x476.jpg 1024w, https:\/\/easyfairsassets.com\/sites\/344\/2023\/05\/Logo_Print_de_gelb-768x357.jpg 768w, https:\/\/easyfairsassets.com\/sites\/344\/2023\/05\/Logo_Print_de_gelb-1536x714.jpg 1536w, https:\/\/easyfairsassets.com\/sites\/344\/2023\/05\/Logo_Print_de_gelb.jpg 1725w\" sizes=\"(max-width: 300px) 100vw, 300px\" \/>\t\t\t\t\t\t\t\t<\/a>\n\t\t\t\t\t\t\t\t\t\t\t\t\t\t\t<\/div>\n\t\t\t\t<\/div>\n\t\t\t\t\t<\/div>\n\t\t<\/div>\n\t\t\t\t\t<\/div>\n\t\t<\/section>\n\t\t\t\t<\/div>\n\t\t","protected":false},"excerpt":{"rendered":"<p>ANZEIGE<\/p>\n<p>Das Fachportal print.de und die Fachzeitschrift Deutscher Drucker sind die renommiertesten und reichweitenst\u00e4rksten Fachpublikationen f\u00fcr die deutschsprachige Druckindustrie. Mit einer Stellenanzeige auf jobs.print.de erreichen Sie hier zuverl\u00e4ssig die Fach- und F\u00fchrungskr\u00e4fte in allen Segmenten der Printbranche.<\/p>\n","protected":false},"author":341,"featured_media":45151,"comment_status":"open","ping_status":"open","sticky":false,"template":"","format":"standard","meta":{"_seopress_robots_primary_cat":"none","_seopress_titles_title":"Der Stellenmarkt bei print.de und Deutscher Drucker \u2013 Jetzt Ihren freien Job besetzen!","_seopress_titles_desc":"ANZEIGE\r\n\r\nDas Fachportal print.de und die Fachzeitschrift Deutscher Drucker sind die renommiertesten und reichweitenst\u00e4rksten Fachpublikationen f\u00fcr die deutschsprachige Druckindustrie. Mit einer Stellenanzeige auf jobs.print.de erreichen Sie hier zuverl\u00e4ssig die Fach- und F\u00fchrungskr\u00e4fte in allen Segmenten der Printbranche.","_seopress_robots_index":"","footnotes":""},"categories":[299],"tags":[],"edition":[],"class_list":["post-45142","post","type-post","status-publish","format-standard","has-post-thumbnail","hentry","category-allgemein"],"_links":{"self":[{"href":"https:\/\/www.hamburg.empack-messen.de\/de\/wp-json\/wp\/v2\/posts\/45142","targetHints":{"allow":["GET"]}}],"collection":[{"href":"https:\/\/www.hamburg.empack-messen.de\/de\/wp-json\/wp\/v2\/posts"}],"about":[{"href":"https:\/\/www.hamburg.empack-messen.de\/de\/wp-json\/wp\/v2\/types\/post"}],"author":[{"embeddable":true,"href":"https:\/\/www.hamburg.empack-messen.de\/de\/wp-json\/wp\/v2\/users\/341"}],"replies":[{"embeddable":true,"href":"https:\/\/www.hamburg.empack-messen.de\/de\/wp-json\/wp\/v2\/comments?post=45142"}],"version-history":[{"count":0,"href":"https:\/\/www.hamburg.empack-messen.de\/de\/wp-json\/wp\/v2\/posts\/45142\/revisions"}],"wp:featuredmedia":[{"embeddable":true,"href":"https:\/\/www.hamburg.empack-messen.de\/de\/wp-json\/wp\/v2\/media\/45151"}],"wp:attachment":[{"href":"https:\/\/www.hamburg.empack-messen.de\/de\/wp-json\/wp\/v2\/media?parent=45142"}],"wp:term":[{"taxonomy":"category","embeddable":true,"href":"https:\/\/www.hamburg.empack-messen.de\/de\/wp-json\/wp\/v2\/categories?post=45142"},{"taxonomy":"post_tag","embeddable":true,"href":"https:\/\/www.hamburg.empack-messen.de\/de\/wp-json\/wp\/v2\/tags?post=45142"},{"taxonomy":"edition","embeddable":true,"href":"https:\/\/www.hamburg.empack-messen.de\/de\/wp-json\/wp\/v2\/edition?post=45142"}],"curies":[{"name":"wp","href":"https:\/\/api.w.org\/{rel}","templated":true}]}}