{"id":49170,"date":"2023-10-19T12:20:19","date_gmt":"2023-10-19T10:20:19","guid":{"rendered":"https:\/\/www.hamburg.empack-messen.de\/?p=49170"},"modified":"2023-11-21T14:06:45","modified_gmt":"2023-11-21T13:06:45","slug":"zweites-leben-fuer-verpackungen-ganz-einfach-den-co%c2%b2-footprint-halbieren","status":"publish","type":"post","link":"https:\/\/www.hamburg.empack-messen.de\/de\/2023\/10\/19\/zweites-leben-fuer-verpackungen-ganz-einfach-den-co%c2%b2-footprint-halbieren\/","title":{"rendered":"Zweites Leben f\u00fcr Verpackungen:                             Ganz einfach den CO\u00b2-Footprint halbieren"},"content":{"rendered":"\t\t<div data-elementor-type=\"wp-post\" data-elementor-id=\"49170\" class=\"elementor elementor-49170\" data-elementor-post-type=\"post\">\n\t\t\t\t\t\t<section class=\"elementor-section elementor-top-section elementor-element elementor-element-47f5359b elementor-section-boxed elementor-section-height-default elementor-section-height-default\" data-id=\"47f5359b\" data-element_type=\"section\">\n\t\t\t\t\t\t<div class=\"elementor-container elementor-column-gap-default\">\n\t\t\t\t\t<div class=\"elementor-column elementor-col-100 elementor-top-column elementor-element elementor-element-68309c97\" data-id=\"68309c97\" data-element_type=\"column\">\n\t\t\t<div class=\"elementor-widget-wrap elementor-element-populated\">\n\t\t\t\t\t\t<div class=\"elementor-element elementor-element-65a17049 elementor-widget elementor-widget-theme-post-title elementor-page-title elementor-widget-heading\" data-id=\"65a17049\" data-element_type=\"widget\" data-widget_type=\"theme-post-title.default\">\n\t\t\t\t<div class=\"elementor-widget-container\">\n\t\t\t\t\t<h1 class=\"elementor-heading-title elementor-size-large\">Zweites Leben f\u00fcr Verpackungen:                             Ganz einfach den CO\u00b2-Footprint halbieren<\/h1>\t\t\t\t<\/div>\n\t\t\t\t<\/div>\n\t\t\t\t\t<\/div>\n\t\t<\/div>\n\t\t\t\t\t<\/div>\n\t\t<\/section>\n\t\t\t\t<section class=\"elementor-section elementor-top-section elementor-element elementor-element-3d0d4618 elementor-section-boxed elementor-section-height-default elementor-section-height-default\" data-id=\"3d0d4618\" data-element_type=\"section\">\n\t\t\t\t\t\t<div class=\"elementor-container elementor-column-gap-default\">\n\t\t\t\t\t<div class=\"elementor-column elementor-col-100 elementor-top-column elementor-element elementor-element-19fa71ce\" data-id=\"19fa71ce\" data-element_type=\"column\">\n\t\t\t<div class=\"elementor-widget-wrap elementor-element-populated\">\n\t\t\t\t\t\t<div class=\"elementor-element elementor-element-3108685 elementor-widget elementor-widget-post-info\" data-id=\"3108685\" data-element_type=\"widget\" data-widget_type=\"post-info.default\">\n\t\t\t\t<div class=\"elementor-widget-container\">\n\t\t\t\t\t\t\t<ul class=\"elementor-inline-items elementor-icon-list-items elementor-post-info\">\n\t\t\t\t\t\t\t\t<li class=\"elementor-icon-list-item elementor-repeater-item-7148c75 elementor-inline-item\" itemprop=\"datePublished\">\n\t\t\t\t\t\t<a href=\"https:\/\/www.hamburg.empack-messen.de\/de\/2023\/10\/19\/\">\n\t\t\t\t\t\t\t\t\t\t\t<span class=\"elementor-icon-list-icon\">\n\t\t\t\t\t\t\t\t<i aria-hidden=\"true\" class=\"fas fa-calendar\"><\/i>\t\t\t\t\t\t\t<\/span>\n\t\t\t\t\t\t\t\t\t<span class=\"elementor-icon-list-text elementor-post-info__item elementor-post-info__item--type-date\">\n\t\t\t\t\t\t\t\t\t\t<time>19. Oktober 2023<\/time>\t\t\t\t\t<\/span>\n\t\t\t\t\t\t\t\t\t<\/a>\n\t\t\t\t<\/li>\n\t\t\t\t<li class=\"elementor-icon-list-item elementor-repeater-item-8fc826b elementor-inline-item\" itemprop=\"about\">\n\t\t\t\t\t\t\t\t\t\t<span class=\"elementor-icon-list-icon\">\n\t\t\t\t\t\t\t\t<i aria-hidden=\"true\" class=\"fas fa-tags\"><\/i>\t\t\t\t\t\t\t<\/span>\n\t\t\t\t\t\t\t\t\t<span class=\"elementor-icon-list-text elementor-post-info__item elementor-post-info__item--type-terms\">\n\t\t\t\t\t\t\t\t\t\t<span class=\"elementor-post-info__terms-list\">\n\t\t\t\t<a href=\"https:\/\/www.hamburg.empack-messen.de\/de\/category\/allgemein\/\" class=\"elementor-post-info__terms-list-item\">Allgemein<\/a>\t\t\t\t<\/span>\n\t\t\t\t\t<\/span>\n\t\t\t\t\t\t\t\t<\/li>\n\t\t\t\t<\/ul>\n\t\t\t\t\t\t<\/div>\n\t\t\t\t<\/div>\n\t\t\t\t<div class=\"elementor-element elementor-element-3f661bd elementor-widget elementor-widget-theme-post-featured-image elementor-widget-image\" data-id=\"3f661bd\" data-element_type=\"widget\" data-widget_type=\"theme-post-featured-image.default\">\n\t\t\t\t<div class=\"elementor-widget-container\">\n\t\t\t\t\t\t\t\t\t\t\t\t\t\t\t<img fetchpriority=\"high\" decoding=\"async\" width=\"1300\" height=\"500\" src=\"https:\/\/easyfairsassets.com\/sites\/344\/2023\/10\/CO\u00b2.png\" class=\"attachment-full size-full wp-image-49188\" alt=\"\" srcset=\"https:\/\/easyfairsassets.com\/sites\/344\/2023\/10\/CO\u00b2.png 1300w, https:\/\/easyfairsassets.com\/sites\/344\/2023\/10\/CO\u00b2-300x115.png 300w, https:\/\/easyfairsassets.com\/sites\/344\/2023\/10\/CO\u00b2-1024x394.png 1024w, https:\/\/easyfairsassets.com\/sites\/344\/2023\/10\/CO\u00b2-768x295.png 768w\" sizes=\"(max-width: 1300px) 100vw, 1300px\" \/>\t\t\t\t\t\t\t\t\t\t\t\t\t\t\t<\/div>\n\t\t\t\t<\/div>\n\t\t\t\t<div class=\"elementor-element elementor-element-74fd5132 elementor-widget elementor-widget-text-editor\" data-id=\"74fd5132\" data-element_type=\"widget\" data-widget_type=\"text-editor.default\">\n\t\t\t\t<div class=\"elementor-widget-container\">\n\t\t\t\t\t\t\t\t\t<p>Happy Birthday, Second Life! In diesem Jahr ist die virtuelle (Zweit-)Welt zwanzig Jahre alt geworden \u2013 kaum zu glauben in der schnelllebigen Online-Branche. Und, auch kaum zu glauben, der \u201eOldie\u201c unter den virtuellen Welten zieht mehr aktive Besucher an als das frische \u201eHorizon Worlds\u201c von Metaverse\/ Facebook. Rund 750.000 sind es jeden Monat.<\/p><p>Im ganz wirklichen Leben der auf Nachhaltigkeit bedachten Verpackungsindustrie ist das \u201eSecond life\u201c einer Verpackung von hohem Wert. Wird sie zweimal statt nur einmal gebraucht, halbiert sich in etwa der CO<sub>2<\/sub>-Fu\u00dfabdruck (Product Carbon Footprint\/ PCF), den die Verpackung verursacht.<\/p>\t\t\t\t\t\t\t\t<\/div>\n\t\t\t\t<\/div>\n\t\t\t\t\t<\/div>\n\t\t<\/div>\n\t\t\t\t\t<\/div>\n\t\t<\/section>\n\t\t\t\t<section class=\"elementor-section elementor-top-section elementor-element elementor-element-3eae54d5 elementor-section-boxed elementor-section-height-default elementor-section-height-default\" data-id=\"3eae54d5\" data-element_type=\"section\">\n\t\t\t\t\t\t<div class=\"elementor-container elementor-column-gap-default\">\n\t\t\t\t\t<div class=\"elementor-column elementor-col-100 elementor-top-column elementor-element elementor-element-5cea9372\" data-id=\"5cea9372\" data-element_type=\"column\">\n\t\t\t<div class=\"elementor-widget-wrap elementor-element-populated\">\n\t\t\t\t\t\t<div class=\"elementor-element elementor-element-32d8201a elementor-widget elementor-widget-text-editor\" data-id=\"32d8201a\" data-element_type=\"widget\" data-widget_type=\"text-editor.default\">\n\t\t\t\t<div class=\"elementor-widget-container\">\n\t\t\t\t\t\t\t\t\t<p>Das ist ein gewichtiges Argument in einer (realen, nicht virtuellen) Welt, in der Unternehmen k\u00fcnftig CO<sub>2<\/sub>-Bilanzen erstellen und ver\u00f6ffentlichen m\u00fcssen. Und nicht nur das. Sie m\u00fcssen, so steht es im CSRD-Richtlinien-Umsetzungsgesetz, auch Ziele zur CO<sub>2<\/sub>-Reduzierung formulieren und deren Erreichung bzw. den Weg dorthin dokumentieren.<\/p>\n<p>Das erh\u00f6ht das Bestreben bzw. den Druck der verpackenden Industrie, nachhaltigere Verpackungen mit geringerem CO<sub>2<\/sub>-Fu\u00dfabdruck einzusetzen. Das Umstellen von der Einweg- zur Mehrwegverpackung ist, siehe oben, ein guter und zudem gro\u00dfer Schritt auf diesem Weg.<\/p>\n<p>Wie man ihn konkret geht? Daf\u00fcr gibt es viele Beispiele. Einige Ideen, die auf der EMPACK in Dortmund (15.-16. Mai 2024) vorgestellt werden:<\/p>\n<ul>\n<li><a href=\"https:\/\/www.empack-messen.de\/de\/exhibitor\/buhl-paperform-gmbh\/\" target=\"_blank\" rel=\"noopener\">Buhl Paperform<\/a>: dreidimensionale Verpackungseinlagen und Polster aus bis zu 100% Altpapier<\/li>\n<li><a href=\"https:\/\/www.empack-messen.de\/de\/exhibitor\/engels-behaeltertechnik-gmbh\/\" target=\"_blank\" rel=\"noopener\">Engels Beh\u00e4ltertechnik<\/a>: Verpackungen und Beh\u00e4lter aus Kunststoff und Metall<\/li>\n<li><a href=\"https:\/\/www.empack-messen.de\/de\/exhibitor\/houweling-holding-bv\/\" target=\"_blank\" rel=\"noopener\">Howeling<\/a>: IBC-Container, Dosen, F\u00e4sser aus Kunststoff und Metall \u2013 alles mehrfach verwendbar<\/li>\n<li><a href=\"https:\/\/www.empack-messen.de\/de\/exhibitor\/no-nail-boxes\/\" target=\"_blank\" rel=\"noopener\">NoNail<\/a>: Faltboxen aus dem nachhaltigen und nat\u00fcrlichen Werkstoff Holz (alternativ auch aus Stahl), die sich zusammenlegen, zum Absender zur\u00fcck transportieren und wiederverwenden lassen.<\/li>\n<li><a href=\"https:\/\/www.empack-messen.de\/de\/exhibitor\/pulp-tec-gmbh-co-kg\/\" target=\"_blank\" rel=\"noopener\">Pulp-tec<\/a>: wieder verwertbare Faserguss-Verpackungen aus 100% Altpapier<\/li>\n<li><a href=\"https:\/\/www.empack-messen.de\/de\/exhibitor\/walther-faltsysteme-gmbh\/\" target=\"_blank\" rel=\"noopener\">Walther Faltsysteme<\/a>: faltbare Mehrwegverpackungen aus Kunststoff<\/li>\n<\/ul>\n<p>\u00a0<\/p>\n<p>Unabh\u00e4ngig vom Material lassen sich also Mehrwegsysteme realisieren, die den verpackungsspezifischen CO<sub>2<\/sub>-Fu\u00dfabdruck senken und zugleich auch den Weg in die Kreislaufwirtschaft ebnen. Der Weg lohnt sich in mehrfacher Hinsicht. Er tr\u00e4gt zum schonenden Umgang mit Ressourcen bei und unterst\u00fctzt die Unternehmen der verpackenden Industrie darin, im Sinne der CSRD-Berichtspflicht zu handeln.<\/p>\n<p>Ein Besuch der EMPACK kann zeigen, wie dieser Weg ganz individuell f\u00fcr das betreffende Unternehmen aussehen kann \u2013 und dass es auch andere Wege als das nicht-virtuelle \u201eSecond life\u201c oder \u201eMultiple Life\u201c mit Mehrwegsystemen gibt. Der Einsatz von recyclingf\u00e4higen Werkstoffen ist zum Beispiel eine solche Alternative. Denn auch die rein stoffliche Verwertung senkt in hohem Ma\u00dfe die verpackungsbezogenen CO<sub>2<\/sub>-Emissionen.<\/p>\t\t\t\t\t\t\t\t<\/div>\n\t\t\t\t<\/div>\n\t\t\t\t\t<\/div>\n\t\t<\/div>\n\t\t\t\t\t<\/div>\n\t\t<\/section>\n\t\t\t\t<\/div>\n\t\t","protected":false},"excerpt":{"rendered":"<p>Happy Birthday, Second Life! In diesem Jahr ist die virtuelle (Zweit-)Welt zwanzig Jahre alt geworden \u2013 kaum zu glauben in der schnelllebigen Online-Branche. Und, auch kaum zu glauben, der \u201eOldie\u201c unter den virtuellen Welten zieht mehr aktive Besucher an als das frische \u201eHorizon Worlds\u201c von Metaverse\/ Facebook. Rund 750.000 sind es jeden Monat.<\/p>\n","protected":false},"author":855,"featured_media":49188,"comment_status":"open","ping_status":"open","sticky":false,"template":"","format":"standard","meta":{"_seopress_robots_primary_cat":"none","_seopress_titles_title":"Zweites Leben f\u00fcr Verpackungen:  Ganz einfach den CO2-Footprint halbieren","_seopress_titles_desc":"Happy Birthday, Second Life! In diesem Jahr ist die virtuelle (Zweit-)Welt zwanzig Jahre alt geworden \u2013 kaum zu glauben in der schnelllebigen Online-Branche. Und, auch kaum zu glauben, der \u201eOldie\u201c unter den virtuellen Welten zieht mehr aktive Besucher an als das frische \u201eHorizon Worlds\u201c von Metaverse\/ Facebook. Rund 750.000 sind es jeden Monat.","_seopress_robots_index":"","footnotes":""},"categories":[299],"tags":[],"edition":[],"class_list":["post-49170","post","type-post","status-publish","format-standard","has-post-thumbnail","hentry","category-allgemein"],"_links":{"self":[{"href":"https:\/\/www.hamburg.empack-messen.de\/de\/wp-json\/wp\/v2\/posts\/49170","targetHints":{"allow":["GET"]}}],"collection":[{"href":"https:\/\/www.hamburg.empack-messen.de\/de\/wp-json\/wp\/v2\/posts"}],"about":[{"href":"https:\/\/www.hamburg.empack-messen.de\/de\/wp-json\/wp\/v2\/types\/post"}],"author":[{"embeddable":true,"href":"https:\/\/www.hamburg.empack-messen.de\/de\/wp-json\/wp\/v2\/users\/855"}],"replies":[{"embeddable":true,"href":"https:\/\/www.hamburg.empack-messen.de\/de\/wp-json\/wp\/v2\/comments?post=49170"}],"version-history":[{"count":0,"href":"https:\/\/www.hamburg.empack-messen.de\/de\/wp-json\/wp\/v2\/posts\/49170\/revisions"}],"wp:featuredmedia":[{"embeddable":true,"href":"https:\/\/www.hamburg.empack-messen.de\/de\/wp-json\/wp\/v2\/media\/49188"}],"wp:attachment":[{"href":"https:\/\/www.hamburg.empack-messen.de\/de\/wp-json\/wp\/v2\/media?parent=49170"}],"wp:term":[{"taxonomy":"category","embeddable":true,"href":"https:\/\/www.hamburg.empack-messen.de\/de\/wp-json\/wp\/v2\/categories?post=49170"},{"taxonomy":"post_tag","embeddable":true,"href":"https:\/\/www.hamburg.empack-messen.de\/de\/wp-json\/wp\/v2\/tags?post=49170"},{"taxonomy":"edition","embeddable":true,"href":"https:\/\/www.hamburg.empack-messen.de\/de\/wp-json\/wp\/v2\/edition?post=49170"}],"curies":[{"name":"wp","href":"https:\/\/api.w.org\/{rel}","templated":true}]}}