{"id":56455,"date":"2024-04-24T09:21:08","date_gmt":"2024-04-24T07:21:08","guid":{"rendered":"https:\/\/www.hamburg.empack-messen.de\/?p=56455"},"modified":"2024-04-24T09:21:11","modified_gmt":"2024-04-24T07:21:11","slug":"print-de-stellenmarkt-jobs-fuer-die-druckindustrie","status":"publish","type":"post","link":"https:\/\/www.hamburg.empack-messen.de\/de\/2024\/04\/24\/print-de-stellenmarkt-jobs-fuer-die-druckindustrie\/","title":{"rendered":"Print.de-Stellenmarkt, Jobs f\u00fcr die Druckindustrie!"},"content":{"rendered":"\t\t<div data-elementor-type=\"wp-post\" data-elementor-id=\"56455\" class=\"elementor elementor-56455\" data-elementor-post-type=\"post\">\n\t\t\t\t\t\t<section class=\"elementor-section elementor-top-section elementor-element elementor-element-47f5359b elementor-section-boxed elementor-section-height-default elementor-section-height-default\" data-id=\"47f5359b\" data-element_type=\"section\">\n\t\t\t\t\t\t<div class=\"elementor-container elementor-column-gap-default\">\n\t\t\t\t\t<div class=\"elementor-column elementor-col-100 elementor-top-column elementor-element elementor-element-68309c97\" data-id=\"68309c97\" data-element_type=\"column\">\n\t\t\t<div class=\"elementor-widget-wrap elementor-element-populated\">\n\t\t\t\t\t\t<div class=\"elementor-element elementor-element-6208884 elementor-widget elementor-widget-image\" data-id=\"6208884\" data-element_type=\"widget\" data-widget_type=\"image.default\">\n\t\t\t\t<div class=\"elementor-widget-container\">\n\t\t\t\t\t\t\t\t\t\t\t\t\t\t\t<img fetchpriority=\"high\" decoding=\"async\" width=\"561\" height=\"304\" src=\"https:\/\/easyfairsassets.com\/sites\/344\/2024\/03\/printde_jobs.png\" class=\"attachment-full size-full wp-image-56459\" alt=\"\" srcset=\"https:\/\/easyfairsassets.com\/sites\/344\/2024\/03\/printde_jobs.png 561w, https:\/\/easyfairsassets.com\/sites\/344\/2024\/03\/printde_jobs-300x163.png 300w\" sizes=\"(max-width: 561px) 100vw, 561px\" \/>\t\t\t\t\t\t\t\t\t\t\t\t\t\t\t<\/div>\n\t\t\t\t<\/div>\n\t\t\t\t<div class=\"elementor-element elementor-element-65a17049 elementor-widget elementor-widget-theme-post-title elementor-page-title elementor-widget-heading\" data-id=\"65a17049\" data-element_type=\"widget\" data-widget_type=\"theme-post-title.default\">\n\t\t\t\t<div class=\"elementor-widget-container\">\n\t\t\t\t\t<h1 class=\"elementor-heading-title elementor-size-large\">Print.de-Stellenmarkt, Jobs f\u00fcr die Druckindustrie!<\/h1>\t\t\t\t<\/div>\n\t\t\t\t<\/div>\n\t\t\t\t\t<\/div>\n\t\t<\/div>\n\t\t\t\t\t<\/div>\n\t\t<\/section>\n\t\t\t\t<section class=\"elementor-section elementor-top-section elementor-element elementor-element-3d0d4618 elementor-section-boxed elementor-section-height-default elementor-section-height-default\" data-id=\"3d0d4618\" data-element_type=\"section\">\n\t\t\t\t\t\t<div class=\"elementor-container elementor-column-gap-default\">\n\t\t\t\t\t<div class=\"elementor-column elementor-col-100 elementor-top-column elementor-element elementor-element-19fa71ce\" data-id=\"19fa71ce\" data-element_type=\"column\">\n\t\t\t<div class=\"elementor-widget-wrap elementor-element-populated\">\n\t\t\t\t\t\t<div class=\"elementor-element elementor-element-3108685 elementor-widget elementor-widget-post-info\" data-id=\"3108685\" data-element_type=\"widget\" data-widget_type=\"post-info.default\">\n\t\t\t\t<div class=\"elementor-widget-container\">\n\t\t\t\t\t\t\t<ul class=\"elementor-inline-items elementor-icon-list-items elementor-post-info\">\n\t\t\t\t\t\t\t\t<li class=\"elementor-icon-list-item elementor-repeater-item-7148c75 elementor-inline-item\" itemprop=\"datePublished\">\n\t\t\t\t\t\t<a href=\"https:\/\/www.hamburg.empack-messen.de\/de\/2024\/04\/24\/\">\n\t\t\t\t\t\t\t\t\t\t\t<span class=\"elementor-icon-list-icon\">\n\t\t\t\t\t\t\t\t<i aria-hidden=\"true\" class=\"fas fa-calendar\"><\/i>\t\t\t\t\t\t\t<\/span>\n\t\t\t\t\t\t\t\t\t<span class=\"elementor-icon-list-text elementor-post-info__item elementor-post-info__item--type-date\">\n\t\t\t\t\t\t\t\t\t\t<time>24. April 2024<\/time>\t\t\t\t\t<\/span>\n\t\t\t\t\t\t\t\t\t<\/a>\n\t\t\t\t<\/li>\n\t\t\t\t<li class=\"elementor-icon-list-item elementor-repeater-item-8fc826b elementor-inline-item\" itemprop=\"about\">\n\t\t\t\t\t\t\t\t\t\t<span class=\"elementor-icon-list-icon\">\n\t\t\t\t\t\t\t\t<i aria-hidden=\"true\" class=\"fas fa-tags\"><\/i>\t\t\t\t\t\t\t<\/span>\n\t\t\t\t\t\t\t\t\t<span class=\"elementor-icon-list-text elementor-post-info__item elementor-post-info__item--type-terms\">\n\t\t\t\t\t\t\t\t\t\t<span class=\"elementor-post-info__terms-list\">\n\t\t\t\t<a href=\"https:\/\/www.hamburg.empack-messen.de\/de\/category\/allgemein\/\" class=\"elementor-post-info__terms-list-item\">Allgemein<\/a>\t\t\t\t<\/span>\n\t\t\t\t\t<\/span>\n\t\t\t\t\t\t\t\t<\/li>\n\t\t\t\t<\/ul>\n\t\t\t\t\t\t<\/div>\n\t\t\t\t<\/div>\n\t\t\t\t<div class=\"elementor-element elementor-element-2666e30 elementor-widget elementor-widget-text-editor\" data-id=\"2666e30\" data-element_type=\"widget\" data-widget_type=\"text-editor.default\">\n\t\t\t\t<div class=\"elementor-widget-container\">\n\t\t\t\t\t\t\t\t\t<p><strong>ANZEIGE<\/strong><\/p>\t\t\t\t\t\t\t\t<\/div>\n\t\t\t\t<\/div>\n\t\t\t\t<div class=\"elementor-element elementor-element-74fd5132 elementor-widget elementor-widget-text-editor\" data-id=\"74fd5132\" data-element_type=\"widget\" data-widget_type=\"text-editor.default\">\n\t\t\t\t<div class=\"elementor-widget-container\">\n\t\t\t\t\t\t\t\t\t<p>Das Fachportal print.de und die Fachzeitschrift Deutscher Drucker sind die renommiertesten und reichweitenst\u00e4rksten Fachpublikationen f\u00fcr die deutschsprachige Druckindustrie. Mit einer Stellenanzeige im print.de Stellenmarkt erreichen Sie hier zuverl\u00e4ssig die Fach- und F\u00fchrungskr\u00e4fte in allen Segmenten der Printbranche.<\/p><p>Professionals im Publikationsdruck, in der Werbetechnik und im digitalen Gro\u00dfformatdruck sowie im Verpackungs- und Etikettendruck vertrauen regelm\u00e4\u00dfig auf das Informationsangebot in Print, Online und bei Events.<\/p><p>Profitieren Sie von der hohen Aufmerksamkeit der marktf\u00fchrenden Fachpublikationen und platzieren Sie Ihre Jobanzeigen im branchenweit gr\u00f6\u00dften Stellenmarkt von print.de und Deutscher Drucker!<\/p><p>Erg\u00e4nzt wird das Verlagsprogramm durch die Fachpublikationen Grafische Palette, Flexo+Tief-Druck und Etiketten-Labels, den j\u00e4hrlichen Branchenwettbewerb Druck&amp;Medien Awards sowie durch die nachgefragten digitalen Eventformate Print Innovation Week, Postpress Summit und Packaging Days.<\/p><p>Zus\u00e4tzlich profitieren Sie als Arbeitgeber von vielen Features und Vorteilen:<br \/>\u2022 Sie erreichen eine reine Fachzielgruppe ohne Streuverluste bei<br \/>maximaler Reichweite \u00fcber alle Kan\u00e4le \u2013 Online, Mobile und Print!<br \/>\u2022 Erstklassige Leistungswerte der Newsletter, Websites und<br \/>Printausgaben<br \/>\u2022 Einfache, komfortable und schnelle Schaltung der Stellenanzeigen<br \/>mit automatischer Pr\u00fcfung und Qualit\u00e4tssicherung<br \/>\u2022 Hohe Preis-\/Leistungseffektivit\u00e4t<br \/>Mit einer Printanzeige im Stellenmarkt des Fachmagazins Deutscher Drucker treffen Sie zus\u00e4tzlich Fachkr\u00e4fte, die sich f\u00fcr Jobangebote in der Druckindustrie interessieren.<br \/>Sie sprechen alle Leser an, denn Stellenanzeigen machen neugierig \u2013 eine gute Chance, auf Personen zu treffen, die latent suchen und die sich von Ihrem Angebot besonders angesprochen f\u00fchlen!<br \/>Unterstreichen Sie die Wertigkeit Ihrer Suche nach geeigneten Mitarbeitern f\u00fcr eine Position<br \/>in Ihrem Unternehmen mit einer Printanzeige im Stellenmarkt!<\/p><p><a href=\"https:\/\/jobs.print.de\/\" target=\"_blank\" rel=\"noopener\">https:\/\/jobs.print.de\/<\/a><\/p>\t\t\t\t\t\t\t\t<\/div>\n\t\t\t\t<\/div>\n\t\t\t\t\t<\/div>\n\t\t<\/div>\n\t\t\t\t\t<\/div>\n\t\t<\/section>\n\t\t\t\t<\/div>\n\t\t","protected":false},"excerpt":{"rendered":"<p>ANZEIGE<\/p>\n<p>Das Fachportal print.de und die Fachzeitschrift Deutscher Drucker sind die renommiertesten und reichweitenst\u00e4rksten Fachpublikationen f\u00fcr die deutschsprachige Druckindustrie. Mit einer Stellenanzeige im print.de Stellenmarkt erreichen Sie hier zuverl\u00e4ssig die Fach- und<br \/>\nF\u00fchrungskr\u00e4fte in allen Segmenten der Printbranche.<\/p>\n","protected":false},"author":855,"featured_media":56459,"comment_status":"closed","ping_status":"open","sticky":false,"template":"","format":"standard","meta":{"_seopress_robots_primary_cat":"none","_seopress_titles_title":"Print.de-Stellenmarkt, Jobs f\u00fcr die Druckindustrie!","_seopress_titles_desc":"ANZEIGE\r\n\r\nDas Fachportal print.de und die Fachzeitschrift Deutscher Drucker sind die renommiertesten und reichweitenst\u00e4rksten Fachpublikationen f\u00fcr die deutschsprachige Druckindustrie. Mit einer Stellenanzeige im print.de Stellenmarkt erreichen Sie hier zuverl\u00e4ssig die Fach- und\r\nF\u00fchrungskr\u00e4fte in allen Segmenten der Printbranche.\r\n","_seopress_robots_index":"","footnotes":""},"categories":[299],"tags":[],"edition":[],"class_list":["post-56455","post","type-post","status-publish","format-standard","has-post-thumbnail","hentry","category-allgemein"],"_links":{"self":[{"href":"https:\/\/www.hamburg.empack-messen.de\/de\/wp-json\/wp\/v2\/posts\/56455","targetHints":{"allow":["GET"]}}],"collection":[{"href":"https:\/\/www.hamburg.empack-messen.de\/de\/wp-json\/wp\/v2\/posts"}],"about":[{"href":"https:\/\/www.hamburg.empack-messen.de\/de\/wp-json\/wp\/v2\/types\/post"}],"author":[{"embeddable":true,"href":"https:\/\/www.hamburg.empack-messen.de\/de\/wp-json\/wp\/v2\/users\/855"}],"replies":[{"embeddable":true,"href":"https:\/\/www.hamburg.empack-messen.de\/de\/wp-json\/wp\/v2\/comments?post=56455"}],"version-history":[{"count":0,"href":"https:\/\/www.hamburg.empack-messen.de\/de\/wp-json\/wp\/v2\/posts\/56455\/revisions"}],"wp:featuredmedia":[{"embeddable":true,"href":"https:\/\/www.hamburg.empack-messen.de\/de\/wp-json\/wp\/v2\/media\/56459"}],"wp:attachment":[{"href":"https:\/\/www.hamburg.empack-messen.de\/de\/wp-json\/wp\/v2\/media?parent=56455"}],"wp:term":[{"taxonomy":"category","embeddable":true,"href":"https:\/\/www.hamburg.empack-messen.de\/de\/wp-json\/wp\/v2\/categories?post=56455"},{"taxonomy":"post_tag","embeddable":true,"href":"https:\/\/www.hamburg.empack-messen.de\/de\/wp-json\/wp\/v2\/tags?post=56455"},{"taxonomy":"edition","embeddable":true,"href":"https:\/\/www.hamburg.empack-messen.de\/de\/wp-json\/wp\/v2\/edition?post=56455"}],"curies":[{"name":"wp","href":"https:\/\/api.w.org\/{rel}","templated":true}]}}