{"id":99266,"date":"2025-05-25T18:09:28","date_gmt":"2025-05-25T16:09:28","guid":{"rendered":"https:\/\/www.hamburg.empack-messen.de\/news\/stretchfolie-stratos-und-powerflex\/"},"modified":"2025-05-25T18:12:08","modified_gmt":"2025-05-25T16:12:08","slug":"stretchfolie-stratos-und-powerflex","status":"publish","type":"news","link":"https:\/\/www.hamburg.empack-messen.de\/en\/news\/stretchfolie-stratos-und-powerflex\/","title":{"rendered":"Stretchfolie Stratos und Powerflex"},"content":{"rendered":"<p>Die besondere Eigenschaft einer Stretchfolie liegt in ihrer extremen Dehnbarkeit, daher bieten die Stretchfolien die einfachste und schnellste L\u00f6sung zur Befestigung Ihrer Waren.  Unsere Angebot von Stretchfolien sind perfekt zum Schutz gegen mechanische und andere Besch\u00e4digungen. Die Produkte exzellieren in Langlebigkeit, Vielseitigkeit, Effizienz, aber auch niedrigem Preis. Wir bieten Stretchfolien entwickelt f\u00fcr manuelle oder mechanische Verpackung an, mit s\u00e4mtlichem Zubeh\u00f6r. Unsere Flexlight Stretchfolien sind geeignet f\u00fcr die schnelle Fixierung von Waren und Lebensmittel.<\/p>\n","protected":false},"excerpt":{"rendered":"<p>Folie<\/p>\n","protected":false},"featured_media":99269,"template":"","meta":{"_seopress_robots_primary_cat":"","_seopress_titles_title":"","_seopress_titles_desc":"","_seopress_robots_index":"","_api_id":"62291","_exhibitors":["73183"],"footnotes":""},"edition":[473],"country":[],"class_list":["post-99266","news","type-news","status-publish","has-post-thumbnail","hentry","edition-empack-hamburg-2025"],"_links":{"self":[{"href":"https:\/\/www.hamburg.empack-messen.de\/en\/wp-json\/wp\/v2\/news\/99266","targetHints":{"allow":["GET"]}}],"collection":[{"href":"https:\/\/www.hamburg.empack-messen.de\/en\/wp-json\/wp\/v2\/news"}],"about":[{"href":"https:\/\/www.hamburg.empack-messen.de\/en\/wp-json\/wp\/v2\/types\/news"}],"version-history":[{"count":2,"href":"https:\/\/www.hamburg.empack-messen.de\/en\/wp-json\/wp\/v2\/news\/99266\/revisions"}],"predecessor-version":[{"id":99271,"href":"https:\/\/www.hamburg.empack-messen.de\/en\/wp-json\/wp\/v2\/news\/99266\/revisions\/99271"}],"wp:featuredmedia":[{"embeddable":true,"href":"https:\/\/www.hamburg.empack-messen.de\/en\/wp-json\/wp\/v2\/media\/99269"}],"wp:attachment":[{"href":"https:\/\/www.hamburg.empack-messen.de\/en\/wp-json\/wp\/v2\/media?parent=99266"}],"wp:term":[{"taxonomy":"edition","embeddable":true,"href":"https:\/\/www.hamburg.empack-messen.de\/en\/wp-json\/wp\/v2\/edition?post=99266"},{"taxonomy":"country","embeddable":true,"href":"https:\/\/www.hamburg.empack-messen.de\/en\/wp-json\/wp\/v2\/country?post=99266"}],"curies":[{"name":"wp","href":"https:\/\/api.w.org\/{rel}","templated":true}]}}